{"id":20731,"date":"2026-09-04T14:31:25","date_gmt":"2026-09-04T13:31:25","guid":{"rendered":"https:\/\/yihr.rs\/?p=20731"},"modified":"2026-09-04T14:31:25","modified_gmt":"2026-09-04T13:31:25","slug":"granting-state-and-military-honors-to-ratko-mladic-is-immoral-and-unlawful","status":"publish","type":"post","link":"https:\/\/yihr.rs\/en\/granting-state-and-military-honors-to-ratko-mladic-is-immoral-and-unlawful\/","title":{"rendered":"Granting State and Military Honors to Ratko Mladi\u0107 Is Immoral and Unlawful"},"content":{"rendered":"<p><span style=\"font-weight: 400;\">By a final <\/span><a href=\"https:\/\/ucr.irmct.org\/LegalRef\/CMSDocStore\/Public\/BCS\/Judgement\/NotIndexable\/MICT-13-56-A\/JUD285R0000659691.pdf\"><span style=\"font-weight: 400;\">judgment<\/span><\/a><span style=\"font-weight: 400;\"> of the International Residual Mechanism for Criminal Tribunals in 2021, Mladi\u0107 was stripped of his rank in the Army of Serbia, previously the Army of Yugoslavia, pursuant to Article 185 of the Law on the Army of Serbia. As a result, he also lost the rights associated with that rank, including state and military honors. By granting honors to a convicted war criminal, the Government of Serbia and the Ministry of Defense violated the Law on the Army.<\/span><\/p>\n<p><span style=\"font-weight: 400;\">Following the news of the war criminal&#8217;s death, the authorities in Serbia have, over the past seven days, created an atmosphere in which the denial of war crimes, and particularly the genocide in Srebrenica, has been promoted in public: murals and graffiti celebrating the war criminal have been painted, public gatherings have been held where messages of hatred are shouted and written, and religious services of the Serbian Orthodox Church have been held in Mladi\u0107&#8217;s honor.<\/span><\/p>\n<p><span style=\"font-weight: 400;\">Over the past week, citizens of Serbia have provided the Youth Initiative for Human Rights with information about a larger number of murals celebrating Mladi\u0107, which our organization will report to local municipal authorities.<\/span><\/p>\n<p><span style=\"font-weight: 400;\">On the Government of Serbia&#8217;s aircraft that transported Mladi\u0107&#8217;s body from The Hague, along with members of his family, was Minister of Justice Nenad Vuji\u0107, who last week also announced state and military honors for the war criminal. Mladi\u0107&#8217;s coffin was covered with the flags of Serbia and Republika Srpska, and six members of the Serbian Armed Forces in uniforms carried it off the aircraft. The announcement that a state memorial ceremony for Mladi\u0107 will be held at the House of the Army on Saturday is likewise an example of the Ministry of Defense glorifying a war criminal.<\/span><\/p>\n<p><span style=\"font-weight: 400;\">During the transport from Belgrade airport, several members of the <\/span><a href=\"https:\/\/razglas-news.com\/2026\/09\/03\/telo-ratka-mladica-dopremljeno-u-srbiju-avionom-vlade-prevezeno-na-obdukciju-na-vma-sahrana-u-ponedeljak-foto\/\"><span style=\"font-weight: 400;\">police<\/span><\/a><span style=\"font-weight: 400;\"> and <\/span><a href=\"https:\/\/www.novosti.rs\/vesti\/politika\/1644839\/komandant-opet-svojim-narodom-pripadnici-vojske-srbije-salutirali-svom-generalu-foto\"><span style=\"font-weight: 400;\">military<\/span><\/a><span style=\"font-weight: 400;\"> saluted the motorcade carrying Mladi\u0107&#8217;s body. This constitutes an insult to the victims of Mladi\u0107&#8217;s crimes, but also to the representatives of Serbia&#8217;s prosecution and police who arrested and brought to justice the fugitive who was convicted of war crimes.<\/span><\/p>\n<p><span style=\"font-weight: 400;\">In the Youth Initiative for Human Rights&#8217; report, <\/span><a href=\"https:\/\/yihr.rs\/wp-content\/uploads\/2026\/06\/WEB-ENG-Stanje-poricanja-2025.pdf\"><i><span style=\"font-weight: 400;\">State of Denial \u2013 Serbia 2025<\/span><\/i><\/a><span style=\"font-weight: 400;\">, we warned that the funeral of Neboj\u0161a Pavkovi\u0107, a war criminal who was buried in the Alley of Distinguished Citizens, would set a precedent for state and military honors to be granted to war criminals who die.<\/span><\/p>\n<p><span style=\"font-weight: 400;\">European Commissioner for Enlargement Marta Kos <\/span><a href=\"https:\/\/www.reuters.com\/world\/eu-commissioner-kos-cancels-trip-serbia-after-planned-tribute-mladic-2026-09-04\/\"><span style=\"font-weight: 400;\">cancelled<\/span><\/a><span style=\"font-weight: 400;\"> her visit to Serbia due to the glorification of Mladi\u0107 during the transfer of his remains, while Council of Europe Commissioner for Human Rights Michael O&#8217;Flaherty <\/span><a href=\"https:\/\/insajder.net\/vesti\/komesar-saveta-evrope-za-ljudska-prava-osudio-javno-velicanje-ratka-mladica\"><span style=\"font-weight: 400;\">condemned<\/span><\/a><span style=\"font-weight: 400;\"> the glorification of Mladi\u0107 by officials in Serbia and Bosnia and Herzegovina.<\/span><\/p>\n<p><span style=\"font-weight: 400;\">The 2023 research report <\/span><a href=\"https:\/\/yihr.rs\/wp-content\/uploads\/2023\/11\/231110-YIHR-Istrazivacki-izvestaj_Stavovi-mladih-u-Srbiji-o-ratovima-devedesetih_web-verzija.pdf\"><i><span style=\"font-weight: 400;\">Young People&#8217;s Attitudes Toward the Wars of the 1990s in Serbia<\/span><\/i><\/a><span style=\"font-weight: 400;\">, published by the Youth Initiative, shows that the majority of young people in Serbia do not view Ratko Mladi\u0107 as a hero. Fewer than one-third of young people view him positively, while more than one-third view him negatively, and almost 40% of young people have no opinion about Mladi\u0107. The efforts of the authorities in Serbia to glorify Mladi\u0107 as a hero are aimed at imposing war criminals as role models on younger generations. This is also evidenced by a <\/span><a href=\"https:\/\/n1info.rs\/vesti\/vujic-ocekujemo-da-se-sto-pre-sprovede-istraga-o-smrti-mladica-kako-bi-porodica-preuzela-telo\/\"><span style=\"font-weight: 400;\">statement<\/span><\/a><span style=\"font-weight: 400;\"> made by Minister of Justice Nenad Vuji\u0107 to TV Prva, in which he said that younger generations would remember Mladi\u0107 \u201cas someone who fought for his people and made a key contribution to the creation of Republika Srpska and the security of Serbs in Bosnia and Herzegovina.\u201d<\/span><\/p>\n<p><span style=\"font-weight: 400;\">Without disputing the Mladi\u0107 family&#8217;s right to a dignified funeral, the granting of state and military honors amounts to an identification of the crimes for which Mladi\u0107 was convicted with society as a whole, for which state officials bear the greatest responsibility: Prime Minister Macut, Minister of Justice Vuji\u0107, Minister of Defense Ga\u0161i\u0107, and President of Serbia Vu\u010di\u0107. In recent days, Minister Vuji\u0107 and President Vu\u010di\u0107 have distinguished themselves as spokespersons for Ratko Mladi\u0107, unjustifiably accusing the International Residual Mechanism for Criminal Tribunals of providing negligent medical treatment to Mladi\u0107. This is deeply immoral conduct on the part of Serbia&#8217;s government officials, conduct that the citizens of Serbia will be ashamed of in the future.<\/span><\/p>\n","protected":false},"excerpt":{"rendered":"The Youth Initiative for Human Rights condemns the misuse of state resources that were employed in transporting the body and announcing a state memorial ceremony for Ratko Mladi\u0107, who was convicted of genocide and crimes against humanity committed during the war in Bosnia and Herzegovina.","protected":false},"author":2,"featured_media":19372,"comment_status":"open","ping_status":"open","sticky":false,"template":"","format":"standard","meta":{"ngg_post_thumbnail":0},"categories":[1479],"tags":[],"acf":[],"yoast_head":"<!-- This site is optimized with the Yoast SEO plugin v20.7 - https:\/\/yoast.com\/wordpress\/plugins\/seo\/ -->\n<title>Granting State and Military Honors to Ratko Mladi\u0107 Is Immoral and Unlawful - YIHR.rs<\/title>\n<meta name=\"robots\" content=\"index, follow, max-snippet:-1, max-image-preview:large, max-video-preview:-1\" \/>\n<link rel=\"canonical\" href=\"https:\/\/yihr.rs\/en\/granting-state-and-military-honors-to-ratko-mladic-is-immoral-and-unlawful\/\" \/>\n<meta property=\"og:locale\" content=\"en_US\" \/>\n<meta property=\"og:type\" content=\"article\" \/>\n<meta property=\"og:title\" content=\"Granting State and Military Honors to Ratko Mladi\u0107 Is Immoral and Unlawful - YIHR.rs\" \/>\n<meta property=\"og:description\" content=\"The Youth Initiative for Human Rights condemns the misuse of state resources that were employed in transporting the body and announcing a state memorial ceremony for Ratko Mladi\u0107, who was convicted of genocide and crimes against humanity committed during the war in Bosnia and Herzegovina.\" \/>\n<meta property=\"og:url\" content=\"https:\/\/yihr.rs\/en\/granting-state-and-military-honors-to-ratko-mladic-is-immoral-and-unlawful\/\" \/>\n<meta property=\"og:site_name\" content=\"YIHR.rs\" \/>\n<meta property=\"article:published_time\" content=\"2026-09-04T13:31:25+00:00\" \/>\n<meta property=\"og:image\" content=\"https:\/\/yihr.rs\/wp-content\/uploads\/2025\/10\/2-5.png\" \/>\n\t<meta property=\"og:image:width\" content=\"760\" \/>\n\t<meta property=\"og:image:height\" content=\"300\" \/>\n\t<meta property=\"og:image:type\" content=\"image\/png\" \/>\n<meta name=\"author\" content=\"YIHR\" \/>\n<meta name=\"twitter:card\" content=\"summary_large_image\" \/>\n<meta name=\"twitter:label1\" content=\"Written by\" \/>\n\t<meta name=\"twitter:data1\" content=\"YIHR\" \/>\n\t<meta name=\"twitter:label2\" content=\"Est. reading time\" \/>\n\t<meta name=\"twitter:data2\" content=\"4 minutes\" \/>\n<script type=\"application\/ld+json\" class=\"yoast-schema-graph\">{\"@context\":\"https:\/\/schema.org\",\"@graph\":[{\"@type\":\"Article\",\"@id\":\"https:\/\/yihr.rs\/en\/granting-state-and-military-honors-to-ratko-mladic-is-immoral-and-unlawful\/#article\",\"isPartOf\":{\"@id\":\"https:\/\/yihr.rs\/en\/granting-state-and-military-honors-to-ratko-mladic-is-immoral-and-unlawful\/\"},\"author\":{\"name\":\"YIHR\",\"@id\":\"https:\/\/yihr.rs\/bhs\/#\/schema\/person\/7186157598b114d93f0a98e406fcc811\"},\"headline\":\"Granting State and Military Honors to Ratko Mladi\u0107 Is Immoral and Unlawful\",\"datePublished\":\"2026-09-04T13:31:25+00:00\",\"dateModified\":\"2026-09-04T13:31:25+00:00\",\"mainEntityOfPage\":{\"@id\":\"https:\/\/yihr.rs\/en\/granting-state-and-military-honors-to-ratko-mladic-is-immoral-and-unlawful\/\"},\"wordCount\":713,\"commentCount\":0,\"publisher\":{\"@id\":\"https:\/\/yihr.rs\/bhs\/#organization\"},\"articleSection\":[\"Saop\u0161tenja\"],\"inLanguage\":\"en-US\",\"potentialAction\":[{\"@type\":\"CommentAction\",\"name\":\"Comment\",\"target\":[\"https:\/\/yihr.rs\/en\/granting-state-and-military-honors-to-ratko-mladic-is-immoral-and-unlawful\/#respond\"]}]},{\"@type\":\"WebPage\",\"@id\":\"https:\/\/yihr.rs\/en\/granting-state-and-military-honors-to-ratko-mladic-is-immoral-and-unlawful\/\",\"url\":\"https:\/\/yihr.rs\/en\/granting-state-and-military-honors-to-ratko-mladic-is-immoral-and-unlawful\/\",\"name\":\"Granting State and Military Honors to Ratko Mladi\u0107 Is Immoral and Unlawful - YIHR.rs\",\"isPartOf\":{\"@id\":\"https:\/\/yihr.rs\/bhs\/#website\"},\"datePublished\":\"2026-09-04T13:31:25+00:00\",\"dateModified\":\"2026-09-04T13:31:25+00:00\",\"breadcrumb\":{\"@id\":\"https:\/\/yihr.rs\/en\/granting-state-and-military-honors-to-ratko-mladic-is-immoral-and-unlawful\/#breadcrumb\"},\"inLanguage\":\"en-US\",\"potentialAction\":[{\"@type\":\"ReadAction\",\"target\":[\"https:\/\/yihr.rs\/en\/granting-state-and-military-honors-to-ratko-mladic-is-immoral-and-unlawful\/\"]}]},{\"@type\":\"BreadcrumbList\",\"@id\":\"https:\/\/yihr.rs\/en\/granting-state-and-military-honors-to-ratko-mladic-is-immoral-and-unlawful\/#breadcrumb\",\"itemListElement\":[{\"@type\":\"ListItem\",\"position\":1,\"name\":\"Home\",\"item\":\"https:\/\/yihr.rs\/en\/\"},{\"@type\":\"ListItem\",\"position\":2,\"name\":\"Granting State and Military Honors to Ratko Mladi\u0107 Is Immoral and Unlawful\"}]},{\"@type\":\"WebSite\",\"@id\":\"https:\/\/yihr.rs\/bhs\/#website\",\"url\":\"https:\/\/yihr.rs\/bhs\/\",\"name\":\"YIHR.rs\",\"description\":\"\",\"publisher\":{\"@id\":\"https:\/\/yihr.rs\/bhs\/#organization\"},\"potentialAction\":[{\"@type\":\"SearchAction\",\"target\":{\"@type\":\"EntryPoint\",\"urlTemplate\":\"https:\/\/yihr.rs\/bhs\/?s={search_term_string}\"},\"query-input\":\"required name=search_term_string\"}],\"inLanguage\":\"en-US\"},{\"@type\":\"Organization\",\"@id\":\"https:\/\/yihr.rs\/bhs\/#organization\",\"name\":\"Inicijativa mladih za ljudska prava\",\"url\":\"https:\/\/yihr.rs\/bhs\/\",\"logo\":{\"@type\":\"ImageObject\",\"inLanguage\":\"en-US\",\"@id\":\"https:\/\/yihr.rs\/bhs\/#\/schema\/logo\/image\/\",\"url\":\"https:\/\/yihr.rs\/wp-content\/uploads\/2019\/04\/yihr-logo.png\",\"contentUrl\":\"https:\/\/yihr.rs\/wp-content\/uploads\/2019\/04\/yihr-logo.png\",\"width\":157,\"height\":54,\"caption\":\"Inicijativa mladih za ljudska prava\"},\"image\":{\"@id\":\"https:\/\/yihr.rs\/bhs\/#\/schema\/logo\/image\/\"}},{\"@type\":\"Person\",\"@id\":\"https:\/\/yihr.rs\/bhs\/#\/schema\/person\/7186157598b114d93f0a98e406fcc811\",\"name\":\"YIHR\",\"image\":{\"@type\":\"ImageObject\",\"inLanguage\":\"en-US\",\"@id\":\"https:\/\/yihr.rs\/bhs\/#\/schema\/person\/image\/\",\"url\":\"https:\/\/secure.gravatar.com\/avatar\/827fb1ad44b0077db507a1ccb518d991?s=96&d=mm&r=g\",\"contentUrl\":\"https:\/\/secure.gravatar.com\/avatar\/827fb1ad44b0077db507a1ccb518d991?s=96&d=mm&r=g\",\"caption\":\"YIHR\"},\"url\":\"https:\/\/yihr.rs\/en\/author\/yihr\/\"}]}<\/script>\n<!-- \/ Yoast SEO plugin. -->","yoast_head_json":{"title":"Granting State and Military Honors to Ratko Mladi\u0107 Is Immoral and Unlawful - YIHR.rs","robots":{"index":"index","follow":"follow","max-snippet":"max-snippet:-1","max-image-preview":"max-image-preview:large","max-video-preview":"max-video-preview:-1"},"canonical":"https:\/\/yihr.rs\/en\/granting-state-and-military-honors-to-ratko-mladic-is-immoral-and-unlawful\/","og_locale":"en_US","og_type":"article","og_title":"Granting State and Military Honors to Ratko Mladi\u0107 Is Immoral and Unlawful - YIHR.rs","og_description":"The Youth Initiative for Human Rights condemns the misuse of state resources that were employed in transporting the body and announcing a state memorial ceremony for Ratko Mladi\u0107, who was convicted of genocide and crimes against humanity committed during the war in Bosnia and Herzegovina.","og_url":"https:\/\/yihr.rs\/en\/granting-state-and-military-honors-to-ratko-mladic-is-immoral-and-unlawful\/","og_site_name":"YIHR.rs","article_published_time":"2026-09-04T13:31:25+00:00","og_image":[{"width":760,"height":300,"url":"https:\/\/yihr.rs\/wp-content\/uploads\/2025\/10\/2-5.png","type":"image\/png"}],"author":"YIHR","twitter_card":"summary_large_image","twitter_misc":{"Written by":"YIHR","Est. reading time":"4 minutes"},"schema":{"@context":"https:\/\/schema.org","@graph":[{"@type":"Article","@id":"https:\/\/yihr.rs\/en\/granting-state-and-military-honors-to-ratko-mladic-is-immoral-and-unlawful\/#article","isPartOf":{"@id":"https:\/\/yihr.rs\/en\/granting-state-and-military-honors-to-ratko-mladic-is-immoral-and-unlawful\/"},"author":{"name":"YIHR","@id":"https:\/\/yihr.rs\/bhs\/#\/schema\/person\/7186157598b114d93f0a98e406fcc811"},"headline":"Granting State and Military Honors to Ratko Mladi\u0107 Is Immoral and Unlawful","datePublished":"2026-09-04T13:31:25+00:00","dateModified":"2026-09-04T13:31:25+00:00","mainEntityOfPage":{"@id":"https:\/\/yihr.rs\/en\/granting-state-and-military-honors-to-ratko-mladic-is-immoral-and-unlawful\/"},"wordCount":713,"commentCount":0,"publisher":{"@id":"https:\/\/yihr.rs\/bhs\/#organization"},"articleSection":["Saop\u0161tenja"],"inLanguage":"en-US","potentialAction":[{"@type":"CommentAction","name":"Comment","target":["https:\/\/yihr.rs\/en\/granting-state-and-military-honors-to-ratko-mladic-is-immoral-and-unlawful\/#respond"]}]},{"@type":"WebPage","@id":"https:\/\/yihr.rs\/en\/granting-state-and-military-honors-to-ratko-mladic-is-immoral-and-unlawful\/","url":"https:\/\/yihr.rs\/en\/granting-state-and-military-honors-to-ratko-mladic-is-immoral-and-unlawful\/","name":"Granting State and Military Honors to Ratko Mladi\u0107 Is Immoral and Unlawful - YIHR.rs","isPartOf":{"@id":"https:\/\/yihr.rs\/bhs\/#website"},"datePublished":"2026-09-04T13:31:25+00:00","dateModified":"2026-09-04T13:31:25+00:00","breadcrumb":{"@id":"https:\/\/yihr.rs\/en\/granting-state-and-military-honors-to-ratko-mladic-is-immoral-and-unlawful\/#breadcrumb"},"inLanguage":"en-US","potentialAction":[{"@type":"ReadAction","target":["https:\/\/yihr.rs\/en\/granting-state-and-military-honors-to-ratko-mladic-is-immoral-and-unlawful\/"]}]},{"@type":"BreadcrumbList","@id":"https:\/\/yihr.rs\/en\/granting-state-and-military-honors-to-ratko-mladic-is-immoral-and-unlawful\/#breadcrumb","itemListElement":[{"@type":"ListItem","position":1,"name":"Home","item":"https:\/\/yihr.rs\/en\/"},{"@type":"ListItem","position":2,"name":"Granting State and Military Honors to Ratko Mladi\u0107 Is Immoral and Unlawful"}]},{"@type":"WebSite","@id":"https:\/\/yihr.rs\/bhs\/#website","url":"https:\/\/yihr.rs\/bhs\/","name":"YIHR.rs","description":"","publisher":{"@id":"https:\/\/yihr.rs\/bhs\/#organization"},"potentialAction":[{"@type":"SearchAction","target":{"@type":"EntryPoint","urlTemplate":"https:\/\/yihr.rs\/bhs\/?s={search_term_string}"},"query-input":"required name=search_term_string"}],"inLanguage":"en-US"},{"@type":"Organization","@id":"https:\/\/yihr.rs\/bhs\/#organization","name":"Inicijativa mladih za ljudska prava","url":"https:\/\/yihr.rs\/bhs\/","logo":{"@type":"ImageObject","inLanguage":"en-US","@id":"https:\/\/yihr.rs\/bhs\/#\/schema\/logo\/image\/","url":"https:\/\/yihr.rs\/wp-content\/uploads\/2019\/04\/yihr-logo.png","contentUrl":"https:\/\/yihr.rs\/wp-content\/uploads\/2019\/04\/yihr-logo.png","width":157,"height":54,"caption":"Inicijativa mladih za ljudska prava"},"image":{"@id":"https:\/\/yihr.rs\/bhs\/#\/schema\/logo\/image\/"}},{"@type":"Person","@id":"https:\/\/yihr.rs\/bhs\/#\/schema\/person\/7186157598b114d93f0a98e406fcc811","name":"YIHR","image":{"@type":"ImageObject","inLanguage":"en-US","@id":"https:\/\/yihr.rs\/bhs\/#\/schema\/person\/image\/","url":"https:\/\/secure.gravatar.com\/avatar\/827fb1ad44b0077db507a1ccb518d991?s=96&d=mm&r=g","contentUrl":"https:\/\/secure.gravatar.com\/avatar\/827fb1ad44b0077db507a1ccb518d991?s=96&d=mm&r=g","caption":"YIHR"},"url":"https:\/\/yihr.rs\/en\/author\/yihr\/"}]}},"_links":{"self":[{"href":"https:\/\/yihr.rs\/en\/wp-json\/wp\/v2\/posts\/20731"}],"collection":[{"href":"https:\/\/yihr.rs\/en\/wp-json\/wp\/v2\/posts"}],"about":[{"href":"https:\/\/yihr.rs\/en\/wp-json\/wp\/v2\/types\/post"}],"author":[{"embeddable":true,"href":"https:\/\/yihr.rs\/en\/wp-json\/wp\/v2\/users\/2"}],"replies":[{"embeddable":true,"href":"https:\/\/yihr.rs\/en\/wp-json\/wp\/v2\/comments?post=20731"}],"version-history":[{"count":1,"href":"https:\/\/yihr.rs\/en\/wp-json\/wp\/v2\/posts\/20731\/revisions"}],"predecessor-version":[{"id":20732,"href":"https:\/\/yihr.rs\/en\/wp-json\/wp\/v2\/posts\/20731\/revisions\/20732"}],"wp:featuredmedia":[{"embeddable":true,"href":"https:\/\/yihr.rs\/en\/wp-json\/wp\/v2\/media\/19372"}],"wp:attachment":[{"href":"https:\/\/yihr.rs\/en\/wp-json\/wp\/v2\/media?parent=20731"}],"wp:term":[{"taxonomy":"category","embeddable":true,"href":"https:\/\/yihr.rs\/en\/wp-json\/wp\/v2\/categories?post=20731"},{"taxonomy":"post_tag","embeddable":true,"href":"https:\/\/yihr.rs\/en\/wp-json\/wp\/v2\/tags?post=20731"}],"curies":[{"name":"wp","href":"https:\/\/api.w.org\/{rel}","templated":true}]}}