{"id":6793,"date":"2019-04-28T11:41:37","date_gmt":"2019-04-28T10:41:37","guid":{"rendered":"https:\/\/yihr.rs\/?p=5266"},"modified":"2019-08-07T10:48:59","modified_gmt":"2019-08-07T09:48:59","slug":"zaustaviti-linc-protiv-pekare-roma-u-borci","status":"publish","type":"post","link":"https:\/\/yihr.rs\/bhs\/zaustaviti-linc-protiv-pekare-roma-u-borci\/","title":{"rendered":"Zaustaviti lin\u010d protiv pekare \u201cRoma\u201d u Bor\u010di"},"content":{"rendered":"<p><span style=\"font-weight: 400;\">Kako se ovakvi napadi ne bi ponovili, zahtevamo <\/span><b>hitnu reakciju tu\u017eila\u0161tva protiv huligana koji su ju\u010de poku\u0161ali da u potpunosti spre\u010de rad pekare \u201cRoma\u201d i prete da \u0107e je ponovo okupirati ukoliko krene sa radom.<\/b> <span style=\"font-weight: 400;\">Politika neka\u017enjivosti prema nasilnicima koji ometaju slobode i prava gra\u0111ana mogu se zaustaviti pravovremenom reakcijom &nbsp;tu\u017eila\u0161tva, policije i sudova. <\/span><b>Va\u017eno je napomenuti da su osobe koje su bile prisutne predstavnci <\/b><a href=\"https:\/\/www.facebook.com\/events\/iframe-srcwwwfacebookcompluginsfollowhrefhttps3a2f2fwwwfacebookcom2fjhonmaykolma\/224755687730351\/\"><b>organizacije Levijatan<\/b><\/a><b> kao i narodni poslanik <\/b><a href=\"https:\/\/twitter.com\/sodzinjon\/status\/1122176978906419202\"><b>Sr\u0111an Nogo<\/b><\/a><b> koji su od ranije poznati po pretnjama i targetiranju politi\u010dkih protvnika. &nbsp;<\/b><\/p>\n<p><span style=\"font-weight: 400;\">Ne manje va\u017eno, <\/span><span style=\"font-weight: 400;\">kao dru\u0161tvo koje je svako malo ophrvano deklarativnim narativima vlasti i opozicije protiv nasilja, shodno tome mora pokazati solidarnost prema \u017ertvama nasilja. <\/span><b>Posebno imaju\u0107i u vidu da je pekara \u201cRoma\u201d <\/b><a href=\"https:\/\/twitter.com\/sodzinjon\/status\/1122205414941237248\"><b>prepoznata<\/b><\/a><b> u lokalnoj zajednici po dobrotvorstvu i humanitarnom radu prema <\/b><a href=\"http:\/\/balkans.aljazeera.net\/video\/srbija-uvela-i-predskolski-program-za-djecu-migrante-i-izbjeglice\"><b>ugro\u017eenim grupama<\/b><\/a><b>, pozivamo sve kojima je stalo do ravnopravnosti u Srbiji da na\u0111u na\u010din kako da pomognu da ova pekara ponovo nastavi svoj rad.<\/b><\/p>\n<p><span style=\"font-weight: 400;\">Podsetimo, <\/span><b>poziv na lin\u010d vlasnika pekare \u201cRoma\u201d <\/b><a href=\"https:\/\/twitter.com\/sodzinjon\/status\/1122250619186761733\"><b>Mona \u0110uraja<\/b><\/a><b> nastao je nakon poziva preko jedne od grupa na dru\u0161tvenim mre\u017eama kada je objavljena fotografija jednog od zaposlenih u pekari koji pokazuje rukama dvoglavog orla kao albanski nacionalni simbol.<\/b><span style=\"font-weight: 400;\"> Fotografija je nastala 2017. godine ali je zloupotrebljena kao provokacija i okida\u010d za okupljanje nasilnika. Me\u0111utim, <\/span><b>upozoravamo da isticanje nacionalnih simbola predstavlja slobodu izra\u017eavanja i ne mo\u017ee biti opravdanje za pretnje i nasilje.<\/b><\/p>\n<hr>\n<p><span style=\"font-weight: 400;\">Pre skoro pet godina nakon prekida fudbalske utakmice Srbija-Albanija odr\u017eane 14. oktobra 2014. godine, usledio je ve\u0107i broj napada na objekte \u010diji su vlasnici uglavnom Albanci i Goranci. <\/span><b>Paljenje i demoliranje objekata dogodilo se u nekoliko gradova u Srbiji, najvi\u0161e na teritoriji Vojvodine \u0161to je Inicijativa dokumentovala u svom izve\u0161taju nakon obilaska istih objekata.<\/b><span style=\"font-weight: 400;\"> Iako je prema pisanju VOICE-a iz marta 2016. godine, formirano 5 predmeta u tu\u017eila\u0161tvima o paljenju pekara \u0161irom Vojvodine i izre\u010dena 1 vaspitna mera maloletniku, odba\u010dena 1 krivi\u010dna prijava &#8211; niko od 62 osobe koje su identifikovane od strane policije kao po\u010dinilac nije krivi\u010dno gonjen. Nisu otkriveni ni po\u010dinioci najte\u017eih napada \u2013 u Staroj Pazovi i Somboru u kojima su bili ugro\u017eeni ljudski \u017eivoti. U kvalifikovanju ovih krivi\u010dnog dela, mora se imati u vidu da ovi napadi nisu bili usmereni samo na privatno vlasni\u0161tvo niti na vlasni\u0161tvo verskih zajednica, ve\u0107 su bili i ozbiljan udar na me\u0111uetni\u010dke odnose u Srbiji.<\/span><\/p>\n<hr>\n<p><span style=\"font-weight: 400;\">Na kraju, <\/span><b>zahtevamo da se sve politi\u010dke partije odrede prema nasilju nad pekarom \u201cRoma\u201d bez standardnih relativizacija, a od izvr\u0161ne vlasti da poka\u017ee da \u201cetni\u010dko razgrani\u010denje\u201d u kom\u0161iluku, odnosno u Bor\u010di<\/b><span style=\"font-weight: 400;\"> ne predstavlja zvani\u010dnu politku Srbije i da takvo pona\u0161anje ne\u0107e biti pre\u0107utano niti tolerisano.<\/span><\/p>\n<p>&nbsp;<\/p>\n<p>Foto: <a href=\"https:\/\/twitter.com\/sodzinjon\">Sofija Todorovi\u0107<\/a><\/p>\n","protected":false},"excerpt":{"rendered":"Inicijativa mladih za ljudska prava (Inicijativa) najo\u0161trije osu\u0111uje nasilje i pretnje lin\u010dovanjem nad zaposlenima i vlasnikom \u00a0pekare \u201cRoma\u201d u beogradskom naselju Bor\u010da, a koja je u subotu 27. aprila bila pod opsadnim stanjem huligana koji su pretili zatvaranjem pekare uz \u0161ovinisti\u010dke pokli\u010de i pesme, a kulminacija maltretiranja predstavljale su ostavljene svinjske glave ispred pekare.","protected":false},"author":2,"featured_media":7178,"comment_status":"open","ping_status":"open","sticky":true,"template":"","format":"standard","meta":{"ngg_post_thumbnail":0},"categories":[4],"tags":[589,861,862,892],"acf":[],"yoast_head":"<!-- This site is optimized with the Yoast SEO plugin v20.7 - https:\/\/yoast.com\/wordpress\/plugins\/seo\/ -->\n<title>Zaustaviti lin\u010d protiv pekare \u201cRoma\u201d u Bor\u010di - YIHR.rs<\/title>\n<meta name=\"robots\" content=\"index, follow, max-snippet:-1, max-image-preview:large, max-video-preview:-1\" \/>\n<link rel=\"canonical\" href=\"https:\/\/yihr.rs\/bhs\/zaustaviti-linc-protiv-pekare-roma-u-borci\/\" \/>\n<meta property=\"og:locale\" content=\"en_US\" \/>\n<meta property=\"og:type\" content=\"article\" \/>\n<meta property=\"og:title\" content=\"Zaustaviti lin\u010d protiv pekare \u201cRoma\u201d u Bor\u010di - YIHR.rs\" \/>\n<meta property=\"og:description\" content=\"Inicijativa mladih za ljudska prava (Inicijativa) najo\u0161trije osu\u0111uje nasilje i pretnje lin\u010dovanjem nad zaposlenima i vlasnikom \u00a0pekare \u201cRoma\u201d u beogradskom naselju Bor\u010da, a koja je u subotu 27. aprila bila pod opsadnim stanjem huligana koji su pretili zatvaranjem pekare uz \u0161ovinisti\u010dke pokli\u010de i pesme, a kulminacija maltretiranja predstavljale su ostavljene svinjske glave ispred pekare.\" \/>\n<meta property=\"og:url\" content=\"https:\/\/yihr.rs\/bhs\/zaustaviti-linc-protiv-pekare-roma-u-borci\/\" \/>\n<meta property=\"og:site_name\" content=\"YIHR.rs\" \/>\n<meta property=\"article:published_time\" content=\"2019-04-28T10:41:37+00:00\" \/>\n<meta property=\"article:modified_time\" content=\"2019-08-07T09:48:59+00:00\" \/>\n<meta property=\"og:image\" content=\"https:\/\/yihr.rs\/wp-content\/uploads\/2019\/05\/pekara-678x381.jpg\" \/>\n\t<meta property=\"og:image:width\" content=\"760\" \/>\n\t<meta property=\"og:image:height\" content=\"400\" \/>\n\t<meta property=\"og:image:type\" content=\"image\/jpeg\" \/>\n<meta name=\"author\" content=\"YIHR\" \/>\n<meta name=\"twitter:card\" content=\"summary_large_image\" \/>\n<meta name=\"twitter:label1\" content=\"Written by\" \/>\n\t<meta name=\"twitter:data1\" content=\"YIHR\" \/>\n\t<meta name=\"twitter:label2\" content=\"Est. reading time\" \/>\n\t<meta name=\"twitter:data2\" content=\"2 minutes\" \/>\n<script type=\"application\/ld+json\" class=\"yoast-schema-graph\">{\"@context\":\"https:\/\/schema.org\",\"@graph\":[{\"@type\":\"Article\",\"@id\":\"https:\/\/yihr.rs\/bhs\/zaustaviti-linc-protiv-pekare-roma-u-borci\/#article\",\"isPartOf\":{\"@id\":\"https:\/\/yihr.rs\/bhs\/zaustaviti-linc-protiv-pekare-roma-u-borci\/\"},\"author\":{\"name\":\"YIHR\",\"@id\":\"https:\/\/yihr.rs\/bhs\/#\/schema\/person\/7186157598b114d93f0a98e406fcc811\"},\"headline\":\"Zaustaviti lin\u010d protiv pekare \u201cRoma\u201d u Bor\u010di\",\"datePublished\":\"2019-04-28T10:41:37+00:00\",\"dateModified\":\"2019-08-07T09:48:59+00:00\",\"mainEntityOfPage\":{\"@id\":\"https:\/\/yihr.rs\/bhs\/zaustaviti-linc-protiv-pekare-roma-u-borci\/\"},\"wordCount\":479,\"commentCount\":0,\"publisher\":{\"@id\":\"https:\/\/yihr.rs\/bhs\/#organization\"},\"keywords\":[\"albanci\",\"pekara\",\"pekara u bor\u010di\",\"utakmica albanija - srbija\"],\"articleSection\":[\"Vesti\"],\"inLanguage\":\"bhs-BHS\",\"potentialAction\":[{\"@type\":\"CommentAction\",\"name\":\"Comment\",\"target\":[\"https:\/\/yihr.rs\/bhs\/zaustaviti-linc-protiv-pekare-roma-u-borci\/#respond\"]}]},{\"@type\":\"WebPage\",\"@id\":\"https:\/\/yihr.rs\/bhs\/zaustaviti-linc-protiv-pekare-roma-u-borci\/\",\"url\":\"https:\/\/yihr.rs\/bhs\/zaustaviti-linc-protiv-pekare-roma-u-borci\/\",\"name\":\"Zaustaviti lin\u010d protiv pekare \u201cRoma\u201d u Bor\u010di - YIHR.rs\",\"isPartOf\":{\"@id\":\"https:\/\/yihr.rs\/bhs\/#website\"},\"datePublished\":\"2019-04-28T10:41:37+00:00\",\"dateModified\":\"2019-08-07T09:48:59+00:00\",\"breadcrumb\":{\"@id\":\"https:\/\/yihr.rs\/bhs\/zaustaviti-linc-protiv-pekare-roma-u-borci\/#breadcrumb\"},\"inLanguage\":\"bhs-BHS\",\"potentialAction\":[{\"@type\":\"ReadAction\",\"target\":[\"https:\/\/yihr.rs\/bhs\/zaustaviti-linc-protiv-pekare-roma-u-borci\/\"]}]},{\"@type\":\"BreadcrumbList\",\"@id\":\"https:\/\/yihr.rs\/bhs\/zaustaviti-linc-protiv-pekare-roma-u-borci\/#breadcrumb\",\"itemListElement\":[{\"@type\":\"ListItem\",\"position\":1,\"name\":\"Home\",\"item\":\"https:\/\/yihr.rs\/bhs\/\"},{\"@type\":\"ListItem\",\"position\":2,\"name\":\"Zaustaviti lin\u010d protiv pekare \u201cRoma\u201d u Bor\u010di\"}]},{\"@type\":\"WebSite\",\"@id\":\"https:\/\/yihr.rs\/bhs\/#website\",\"url\":\"https:\/\/yihr.rs\/bhs\/\",\"name\":\"YIHR.rs\",\"description\":\"\",\"publisher\":{\"@id\":\"https:\/\/yihr.rs\/bhs\/#organization\"},\"potentialAction\":[{\"@type\":\"SearchAction\",\"target\":{\"@type\":\"EntryPoint\",\"urlTemplate\":\"https:\/\/yihr.rs\/bhs\/?s={search_term_string}\"},\"query-input\":\"required name=search_term_string\"}],\"inLanguage\":\"bhs-BHS\"},{\"@type\":\"Organization\",\"@id\":\"https:\/\/yihr.rs\/bhs\/#organization\",\"name\":\"Inicijativa mladih za ljudska prava\",\"url\":\"https:\/\/yihr.rs\/bhs\/\",\"logo\":{\"@type\":\"ImageObject\",\"inLanguage\":\"bhs-BHS\",\"@id\":\"https:\/\/yihr.rs\/bhs\/#\/schema\/logo\/image\/\",\"url\":\"https:\/\/yihr.rs\/wp-content\/uploads\/2019\/04\/yihr-logo.png\",\"contentUrl\":\"https:\/\/yihr.rs\/wp-content\/uploads\/2019\/04\/yihr-logo.png\",\"width\":157,\"height\":54,\"caption\":\"Inicijativa mladih za ljudska prava\"},\"image\":{\"@id\":\"https:\/\/yihr.rs\/bhs\/#\/schema\/logo\/image\/\"}},{\"@type\":\"Person\",\"@id\":\"https:\/\/yihr.rs\/bhs\/#\/schema\/person\/7186157598b114d93f0a98e406fcc811\",\"name\":\"YIHR\",\"image\":{\"@type\":\"ImageObject\",\"inLanguage\":\"bhs-BHS\",\"@id\":\"https:\/\/yihr.rs\/bhs\/#\/schema\/person\/image\/\",\"url\":\"https:\/\/secure.gravatar.com\/avatar\/827fb1ad44b0077db507a1ccb518d991?s=96&d=mm&r=g\",\"contentUrl\":\"https:\/\/secure.gravatar.com\/avatar\/827fb1ad44b0077db507a1ccb518d991?s=96&d=mm&r=g\",\"caption\":\"YIHR\"},\"url\":\"https:\/\/yihr.rs\/bhs\/author\/yihr\/\"}]}<\/script>\n<!-- \/ Yoast SEO plugin. -->","yoast_head_json":{"title":"Zaustaviti lin\u010d protiv pekare \u201cRoma\u201d u Bor\u010di - YIHR.rs","robots":{"index":"index","follow":"follow","max-snippet":"max-snippet:-1","max-image-preview":"max-image-preview:large","max-video-preview":"max-video-preview:-1"},"canonical":"https:\/\/yihr.rs\/bhs\/zaustaviti-linc-protiv-pekare-roma-u-borci\/","og_locale":"en_US","og_type":"article","og_title":"Zaustaviti lin\u010d protiv pekare \u201cRoma\u201d u Bor\u010di - YIHR.rs","og_description":"Inicijativa mladih za ljudska prava (Inicijativa) najo\u0161trije osu\u0111uje nasilje i pretnje lin\u010dovanjem nad zaposlenima i vlasnikom \u00a0pekare \u201cRoma\u201d u beogradskom naselju Bor\u010da, a koja je u subotu 27. aprila bila pod opsadnim stanjem huligana koji su pretili zatvaranjem pekare uz \u0161ovinisti\u010dke pokli\u010de i pesme, a kulminacija maltretiranja predstavljale su ostavljene svinjske glave ispred pekare.","og_url":"https:\/\/yihr.rs\/bhs\/zaustaviti-linc-protiv-pekare-roma-u-borci\/","og_site_name":"YIHR.rs","article_published_time":"2019-04-28T10:41:37+00:00","article_modified_time":"2019-08-07T09:48:59+00:00","og_image":[{"width":760,"height":400,"url":"https:\/\/yihr.rs\/wp-content\/uploads\/2019\/05\/pekara-678x381.jpg","type":"image\/jpeg"}],"author":"YIHR","twitter_card":"summary_large_image","twitter_misc":{"Written by":"YIHR","Est. reading time":"2 minutes"},"schema":{"@context":"https:\/\/schema.org","@graph":[{"@type":"Article","@id":"https:\/\/yihr.rs\/bhs\/zaustaviti-linc-protiv-pekare-roma-u-borci\/#article","isPartOf":{"@id":"https:\/\/yihr.rs\/bhs\/zaustaviti-linc-protiv-pekare-roma-u-borci\/"},"author":{"name":"YIHR","@id":"https:\/\/yihr.rs\/bhs\/#\/schema\/person\/7186157598b114d93f0a98e406fcc811"},"headline":"Zaustaviti lin\u010d protiv pekare \u201cRoma\u201d u Bor\u010di","datePublished":"2019-04-28T10:41:37+00:00","dateModified":"2019-08-07T09:48:59+00:00","mainEntityOfPage":{"@id":"https:\/\/yihr.rs\/bhs\/zaustaviti-linc-protiv-pekare-roma-u-borci\/"},"wordCount":479,"commentCount":0,"publisher":{"@id":"https:\/\/yihr.rs\/bhs\/#organization"},"keywords":["albanci","pekara","pekara u bor\u010di","utakmica albanija - srbija"],"articleSection":["Vesti"],"inLanguage":"bhs-BHS","potentialAction":[{"@type":"CommentAction","name":"Comment","target":["https:\/\/yihr.rs\/bhs\/zaustaviti-linc-protiv-pekare-roma-u-borci\/#respond"]}]},{"@type":"WebPage","@id":"https:\/\/yihr.rs\/bhs\/zaustaviti-linc-protiv-pekare-roma-u-borci\/","url":"https:\/\/yihr.rs\/bhs\/zaustaviti-linc-protiv-pekare-roma-u-borci\/","name":"Zaustaviti lin\u010d protiv pekare \u201cRoma\u201d u Bor\u010di - YIHR.rs","isPartOf":{"@id":"https:\/\/yihr.rs\/bhs\/#website"},"datePublished":"2019-04-28T10:41:37+00:00","dateModified":"2019-08-07T09:48:59+00:00","breadcrumb":{"@id":"https:\/\/yihr.rs\/bhs\/zaustaviti-linc-protiv-pekare-roma-u-borci\/#breadcrumb"},"inLanguage":"bhs-BHS","potentialAction":[{"@type":"ReadAction","target":["https:\/\/yihr.rs\/bhs\/zaustaviti-linc-protiv-pekare-roma-u-borci\/"]}]},{"@type":"BreadcrumbList","@id":"https:\/\/yihr.rs\/bhs\/zaustaviti-linc-protiv-pekare-roma-u-borci\/#breadcrumb","itemListElement":[{"@type":"ListItem","position":1,"name":"Home","item":"https:\/\/yihr.rs\/bhs\/"},{"@type":"ListItem","position":2,"name":"Zaustaviti lin\u010d protiv pekare \u201cRoma\u201d u Bor\u010di"}]},{"@type":"WebSite","@id":"https:\/\/yihr.rs\/bhs\/#website","url":"https:\/\/yihr.rs\/bhs\/","name":"YIHR.rs","description":"","publisher":{"@id":"https:\/\/yihr.rs\/bhs\/#organization"},"potentialAction":[{"@type":"SearchAction","target":{"@type":"EntryPoint","urlTemplate":"https:\/\/yihr.rs\/bhs\/?s={search_term_string}"},"query-input":"required name=search_term_string"}],"inLanguage":"bhs-BHS"},{"@type":"Organization","@id":"https:\/\/yihr.rs\/bhs\/#organization","name":"Inicijativa mladih za ljudska prava","url":"https:\/\/yihr.rs\/bhs\/","logo":{"@type":"ImageObject","inLanguage":"bhs-BHS","@id":"https:\/\/yihr.rs\/bhs\/#\/schema\/logo\/image\/","url":"https:\/\/yihr.rs\/wp-content\/uploads\/2019\/04\/yihr-logo.png","contentUrl":"https:\/\/yihr.rs\/wp-content\/uploads\/2019\/04\/yihr-logo.png","width":157,"height":54,"caption":"Inicijativa mladih za ljudska prava"},"image":{"@id":"https:\/\/yihr.rs\/bhs\/#\/schema\/logo\/image\/"}},{"@type":"Person","@id":"https:\/\/yihr.rs\/bhs\/#\/schema\/person\/7186157598b114d93f0a98e406fcc811","name":"YIHR","image":{"@type":"ImageObject","inLanguage":"bhs-BHS","@id":"https:\/\/yihr.rs\/bhs\/#\/schema\/person\/image\/","url":"https:\/\/secure.gravatar.com\/avatar\/827fb1ad44b0077db507a1ccb518d991?s=96&d=mm&r=g","contentUrl":"https:\/\/secure.gravatar.com\/avatar\/827fb1ad44b0077db507a1ccb518d991?s=96&d=mm&r=g","caption":"YIHR"},"url":"https:\/\/yihr.rs\/bhs\/author\/yihr\/"}]}},"_links":{"self":[{"href":"https:\/\/yihr.rs\/bhs\/wp-json\/wp\/v2\/posts\/6793"}],"collection":[{"href":"https:\/\/yihr.rs\/bhs\/wp-json\/wp\/v2\/posts"}],"about":[{"href":"https:\/\/yihr.rs\/bhs\/wp-json\/wp\/v2\/types\/post"}],"author":[{"embeddable":true,"href":"https:\/\/yihr.rs\/bhs\/wp-json\/wp\/v2\/users\/2"}],"replies":[{"embeddable":true,"href":"https:\/\/yihr.rs\/bhs\/wp-json\/wp\/v2\/comments?post=6793"}],"version-history":[{"count":1,"href":"https:\/\/yihr.rs\/bhs\/wp-json\/wp\/v2\/posts\/6793\/revisions"}],"predecessor-version":[{"id":6906,"href":"https:\/\/yihr.rs\/bhs\/wp-json\/wp\/v2\/posts\/6793\/revisions\/6906"}],"wp:featuredmedia":[{"embeddable":true,"href":"https:\/\/yihr.rs\/bhs\/wp-json\/wp\/v2\/media\/7178"}],"wp:attachment":[{"href":"https:\/\/yihr.rs\/bhs\/wp-json\/wp\/v2\/media?parent=6793"}],"wp:term":[{"taxonomy":"category","embeddable":true,"href":"https:\/\/yihr.rs\/bhs\/wp-json\/wp\/v2\/categories?post=6793"},{"taxonomy":"post_tag","embeddable":true,"href":"https:\/\/yihr.rs\/bhs\/wp-json\/wp\/v2\/tags?post=6793"}],"curies":[{"name":"wp","href":"https:\/\/api.w.org\/{rel}","templated":true}]}}