{"id":20729,"date":"2026-09-04T14:30:17","date_gmt":"2026-09-04T13:30:17","guid":{"rendered":"https:\/\/yihr.rs\/?p=20729"},"modified":"2026-09-04T14:30:17","modified_gmt":"2026-09-04T13:30:17","slug":"odavanje-drzavnih-i-vojnih-pocasti-za-ratka-mladica-nemoralno-i-nezakonito","status":"publish","type":"post","link":"https:\/\/yihr.rs\/bhs\/odavanje-drzavnih-i-vojnih-pocasti-za-ratka-mladica-nemoralno-i-nezakonito\/","title":{"rendered":"Odavanje dr\u017eavnih i vojnih po\u010dasti za Ratka Mladi\u0107a nemoralno i nezakonito"},"content":{"rendered":"<p><span style=\"font-weight: 400;\">Mladi\u0107 je pravosna\u017enom <\/span><a href=\"https:\/\/ucr.irmct.org\/LegalRef\/CMSDocStore\/Public\/BCS\/Judgement\/NotIndexable\/MICT-13-56-A\/JUD285R0000659691.pdf\"><span style=\"font-weight: 400;\">presudom<\/span><\/a><span style=\"font-weight: 400;\"> Me\u0111unarodnog rezidualnog mehanizma za krivi\u010dne sudove 2021. godine izgubio \u010din u Vojsci Srbije, prethodno Vojsci Jugoslavije shodno \u010dlanu 185. Zakonu o vojsci Srbije \u010dime je izgubio i prava po tom osnovu &#8211; dr\u017eavne i vojne po\u010dasti. Vlada Srbije i Ministarstvo odbrane odavanjem po\u010dasti ratnom zlo\u010dincu prekr\u0161ili su Zakon o vojsci.&nbsp;<\/span><\/p>\n<p><span style=\"font-weight: 400;\">Nakon vesti o smrti ratnog zlo\u010dinca, vlasti u Srbiji su prethodnih sedam dana stvorile atmosferu u kojoj se promovi\u0161e negiranje ratnih zlo\u010dina u javnosti, a posebno genocida u Srebrenici: iscrtavanje murala i grafita kojima se slavi ratni zlo\u010dinac, javna okupljanja gde se uzvikuju i ispisuju poruke mr\u017enje kao i verski obredi Srpske pravoslavne crkve posve\u0107eni Mladi\u0107u.<\/span><\/p>\n<p><span style=\"font-weight: 400;\">U prethodnoj sedmici gra\u0111ani Srbije su Inicijativi mladih za ljudska prava dostavili informacije o ve\u0107em broju murala kojima se slavi Mladi\u0107, a koje \u0107e na\u0161a organizacija prijaviti komunalnim lokalnim vlastima.&nbsp;<\/span><\/p>\n<p><span style=\"font-weight: 400;\">U avionu Vlade Srbije kojim je iz Haga dopremljeno telo Mladi\u0107a uz \u010dlanove porodice bio je ministar pravde Nenad Vuji\u0107 koji je pro\u0161le sedmice i najavio dr\u017eavne i vojne po\u010dasti za ratnog zlo\u010dinca. Kov\u010deg Mladi\u0107a bio je prekriven zastavama Srbije i Republike Srpske, a iz aviona ga je iznelo \u0161est pripadnika Vojske Srbije u vojnim uniformama. Najava da \u0107e se dr\u017eavna komemoracija Mladi\u0107u organizovati u prostoru Doma Vojske u subotu tako\u0111e predstavlja primer slavljenja ratnog zlo\u010dinca od strane Ministarstva odbrane.&nbsp;<\/span><\/p>\n<p><span style=\"font-weight: 400;\">Prilikom transporta od aerodroma u Beogradu, vi\u0161e pripadnika <\/span><a href=\"https:\/\/razglas-news.com\/2026\/09\/03\/telo-ratka-mladica-dopremljeno-u-srbiju-avionom-vlade-prevezeno-na-obdukciju-na-vma-sahrana-u-ponedeljak-foto\/\"><span style=\"font-weight: 400;\">policije<\/span><\/a><span style=\"font-weight: 400;\"> i <\/span><a href=\"https:\/\/www.novosti.rs\/vesti\/politika\/1644839\/komandant-opet-svojim-narodom-pripadnici-vojske-srbije-salutirali-svom-generalu-foto\"><span style=\"font-weight: 400;\">vojske<\/span><\/a><span style=\"font-weight: 400;\"> je salutiralo koloni vozila u kojoj je bilo telo Mladi\u0107a \u0161to predstavlja uvredu za \u017ertve Mladi\u0107evih zlo\u010dina, ali i za predstavnike tu\u017eila\u0161tva i policije Srbije koji su uhapsili i priveli pravdi begunca koji je osu\u0111en za ratne zlo\u010dine.&nbsp;<\/span><\/p>\n<p><span style=\"font-weight: 400;\">U izve\u0161taju Inicijative mladih za ljudska prava <\/span><a href=\"https:\/\/yihr.rs\/wp-content\/uploads\/2026\/06\/WEB-BHS-Stanje-poricanja-2025.pdf\"><span style=\"font-weight: 400;\">\u201eStanje poricanja &#8211; Srbija 2025\u201d <\/span><\/a><span style=\"font-weight: 400;\">upozorili smo da \u0107e sahrana Neboj\u0161e Pavkovi\u0107a, ratnog zlo\u010dinca koji je sahranjen u Aleji zaslu\u017enih gra\u0111ana stvoriti presedan da se ratnim zlo\u010dincima koji preminu odaju dr\u017eavne i vojne po\u010dasti.&nbsp;<\/span><\/p>\n<p><span style=\"font-weight: 400;\">Evropska komesarka za pro\u0161irenje Marta Kos <\/span><a href=\"https:\/\/www.danas.rs\/vesti\/politika\/marta-kos-odlaze-posetu-beogradu\/\"><span style=\"font-weight: 400;\">otkazala<\/span><\/a><span style=\"font-weight: 400;\"> je posetu Srbiji zbog veli\u010danja Mladi\u0107a prilikom prenosa njegovih posmrtnih ostataka, dok je Komesar Saveta Evrope za ljudska prava Majkl O&#8217;Flaerti <\/span><a href=\"https:\/\/insajder.net\/vesti\/komesar-saveta-evrope-za-ljudska-prava-osudio-javno-velicanje-ratka-mladica\"><span style=\"font-weight: 400;\">osudio <\/span><\/a><span style=\"font-weight: 400;\">veli\u010danje Mladi\u0107a od strane zvani\u010dnika u Srbiji i Bosni i Hercegovini.&nbsp;<\/span><\/p>\n<p><span style=\"font-weight: 400;\">Istra\u017eiva\u010dki izve\u0161taj <\/span><a href=\"https:\/\/yihr.rs\/wp-content\/uploads\/2023\/11\/231110-YIHR-Istrazivacki-izvestaj_Stavovi-mladih-u-Srbiji-o-ratovima-devedesetih_web-verzija.pdf\"><span style=\"font-weight: 400;\">\u201eStavovi mladih o ratovima devedesetih u Srbiji\u201d <\/span><\/a><span style=\"font-weight: 400;\">iz 2023. godine koje je publikovala Inicijativa mladih pokazuje da ve\u0107ina mladih u Srbiji ne vidi Ratka Mladi\u0107a kao heroja, odnosno da ga pozitivno vidi manje od tre\u0107ine mladih, dok ga vi\u0161e od tre\u0107ine ispitanika vidi negativno, a skoro 40 % mladih nema stav o Mladi\u0107u. Napori vlasti u Srbiji da se Mladi\u0107 glorfikuje kao heroj imaju za cilj da se mladim generacijama ratni zlo\u010dinci nametnu kao uzori, o \u010demu svedo\u010di i izjava ministra <\/span><a href=\"https:\/\/n1info.rs\/vesti\/vujic-ocekujemo-da-se-sto-pre-sprovede-istraga-o-smrti-mladica-kako-bi-porodica-preuzela-telo\/\"><span style=\"font-weight: 400;\">Vuju\u0107a<\/span><\/a><span style=\"font-weight: 400;\"> za TV Prva gde je istakao da \u0107e ga mla\u0111e generacije pamtiti \u201ekao nekoga ko se borio za svoj narod i dao klju\u010dni doprinos za stvaranje i Republike Srpske i bezbednost Srba u Bosni i Hercegovini&#8221;.&nbsp;<\/span><\/p>\n<p><span style=\"font-weight: 400;\">Ne spore\u0107i pravo porodice Mladi\u0107 na dostojanstvenu sahranu, odavanje dr\u017eavnih i vojnih po\u010dasti predstavlja poistove\u0107ivanje izme\u0111u zlo\u010dina za koje je Mladi\u0107 osu\u0111en i dru\u0161tva u \u010demu najve\u0107u odgovornost imaju dr\u017eavni funkcioneri: predsednik Vlade Macut, ministar pravde Vuji\u0107, ministar odbrane Ga\u0161i\u0107 i predsednik Srbije Vu\u010di\u0107. U prethodnim danima ministar Vuji\u0107 i predsednik Vu\u010di\u0107 istakli su se kao potparoli Ratka Mladi\u0107a pri \u010demu su neosnovano optu\u017eivali Me\u0111unarodni rezidualni mehanizam za nesavesno le\u010denje Mladi\u0107a. To je duboko nemoralno pona\u0161anje zvani\u010dnika vlasti u Srbiji kojeg \u0107e se gra\u0111ani Srbije stideti u budu\u010dnosti.&nbsp;<\/span><\/p>\n","protected":false},"excerpt":{"rendered":"Inicijativa mladih za ljudska prava osu\u0111uje zloupotrebu dr\u017eavnih resursa koji su iskori\u0161\u0107eni prilikom dopremanja tela i najave dr\u017eavne komemoracije Ratka Mladi\u0107a koji je osu\u0111en za genocid i zlo\u010dine protiv \u010dove\u010dnosti tokom rata u Bosni i Hercegovini. ","protected":false},"author":2,"featured_media":19360,"comment_status":"open","ping_status":"open","sticky":false,"template":"","format":"standard","meta":{"ngg_post_thumbnail":0},"categories":[1309],"tags":[],"acf":[],"yoast_head":"<!-- This site is optimized with the Yoast SEO plugin v20.7 - https:\/\/yoast.com\/wordpress\/plugins\/seo\/ -->\n<title>Odavanje dr\u017eavnih i vojnih po\u010dasti za Ratka Mladi\u0107a nemoralno i nezakonito - YIHR.rs<\/title>\n<meta name=\"robots\" content=\"index, follow, max-snippet:-1, max-image-preview:large, max-video-preview:-1\" \/>\n<link rel=\"canonical\" href=\"https:\/\/yihr.rs\/bhs\/odavanje-drzavnih-i-vojnih-pocasti-za-ratka-mladica-nemoralno-i-nezakonito\/\" \/>\n<meta property=\"og:locale\" content=\"en_US\" \/>\n<meta property=\"og:type\" content=\"article\" \/>\n<meta property=\"og:title\" content=\"Odavanje dr\u017eavnih i vojnih po\u010dasti za Ratka Mladi\u0107a nemoralno i nezakonito - YIHR.rs\" \/>\n<meta property=\"og:description\" content=\"Inicijativa mladih za ljudska prava osu\u0111uje zloupotrebu dr\u017eavnih resursa koji su iskori\u0161\u0107eni prilikom dopremanja tela i najave dr\u017eavne komemoracije Ratka Mladi\u0107a koji je osu\u0111en za genocid i zlo\u010dine protiv \u010dove\u010dnosti tokom rata u Bosni i Hercegovini.\" \/>\n<meta property=\"og:url\" content=\"https:\/\/yihr.rs\/bhs\/odavanje-drzavnih-i-vojnih-pocasti-za-ratka-mladica-nemoralno-i-nezakonito\/\" \/>\n<meta property=\"og:site_name\" content=\"YIHR.rs\" \/>\n<meta property=\"article:published_time\" content=\"2026-09-04T13:30:17+00:00\" \/>\n<meta property=\"og:image\" content=\"https:\/\/yihr.rs\/wp-content\/uploads\/2025\/10\/2-4.png\" \/>\n\t<meta property=\"og:image:width\" content=\"760\" \/>\n\t<meta property=\"og:image:height\" content=\"300\" \/>\n\t<meta property=\"og:image:type\" content=\"image\/png\" \/>\n<meta name=\"author\" content=\"YIHR\" \/>\n<meta name=\"twitter:card\" content=\"summary_large_image\" \/>\n<meta name=\"twitter:label1\" content=\"Written by\" \/>\n\t<meta name=\"twitter:data1\" content=\"YIHR\" \/>\n\t<meta name=\"twitter:label2\" content=\"Est. reading time\" \/>\n\t<meta name=\"twitter:data2\" content=\"4 minutes\" \/>\n<script type=\"application\/ld+json\" class=\"yoast-schema-graph\">{\"@context\":\"https:\/\/schema.org\",\"@graph\":[{\"@type\":\"Article\",\"@id\":\"https:\/\/yihr.rs\/bhs\/odavanje-drzavnih-i-vojnih-pocasti-za-ratka-mladica-nemoralno-i-nezakonito\/#article\",\"isPartOf\":{\"@id\":\"https:\/\/yihr.rs\/bhs\/odavanje-drzavnih-i-vojnih-pocasti-za-ratka-mladica-nemoralno-i-nezakonito\/\"},\"author\":{\"name\":\"YIHR\",\"@id\":\"https:\/\/yihr.rs\/bhs\/#\/schema\/person\/7186157598b114d93f0a98e406fcc811\"},\"headline\":\"Odavanje dr\u017eavnih i vojnih po\u010dasti za Ratka Mladi\u0107a nemoralno i nezakonito\",\"datePublished\":\"2026-09-04T13:30:17+00:00\",\"dateModified\":\"2026-09-04T13:30:17+00:00\",\"mainEntityOfPage\":{\"@id\":\"https:\/\/yihr.rs\/bhs\/odavanje-drzavnih-i-vojnih-pocasti-za-ratka-mladica-nemoralno-i-nezakonito\/\"},\"wordCount\":662,\"commentCount\":0,\"publisher\":{\"@id\":\"https:\/\/yihr.rs\/bhs\/#organization\"},\"articleSection\":[\"Saop\u0161tenja\"],\"inLanguage\":\"bhs-BHS\",\"potentialAction\":[{\"@type\":\"CommentAction\",\"name\":\"Comment\",\"target\":[\"https:\/\/yihr.rs\/bhs\/odavanje-drzavnih-i-vojnih-pocasti-za-ratka-mladica-nemoralno-i-nezakonito\/#respond\"]}]},{\"@type\":\"WebPage\",\"@id\":\"https:\/\/yihr.rs\/bhs\/odavanje-drzavnih-i-vojnih-pocasti-za-ratka-mladica-nemoralno-i-nezakonito\/\",\"url\":\"https:\/\/yihr.rs\/bhs\/odavanje-drzavnih-i-vojnih-pocasti-za-ratka-mladica-nemoralno-i-nezakonito\/\",\"name\":\"Odavanje dr\u017eavnih i vojnih po\u010dasti za Ratka Mladi\u0107a nemoralno i nezakonito - YIHR.rs\",\"isPartOf\":{\"@id\":\"https:\/\/yihr.rs\/bhs\/#website\"},\"datePublished\":\"2026-09-04T13:30:17+00:00\",\"dateModified\":\"2026-09-04T13:30:17+00:00\",\"breadcrumb\":{\"@id\":\"https:\/\/yihr.rs\/bhs\/odavanje-drzavnih-i-vojnih-pocasti-za-ratka-mladica-nemoralno-i-nezakonito\/#breadcrumb\"},\"inLanguage\":\"bhs-BHS\",\"potentialAction\":[{\"@type\":\"ReadAction\",\"target\":[\"https:\/\/yihr.rs\/bhs\/odavanje-drzavnih-i-vojnih-pocasti-za-ratka-mladica-nemoralno-i-nezakonito\/\"]}]},{\"@type\":\"BreadcrumbList\",\"@id\":\"https:\/\/yihr.rs\/bhs\/odavanje-drzavnih-i-vojnih-pocasti-za-ratka-mladica-nemoralno-i-nezakonito\/#breadcrumb\",\"itemListElement\":[{\"@type\":\"ListItem\",\"position\":1,\"name\":\"Home\",\"item\":\"https:\/\/yihr.rs\/bhs\/\"},{\"@type\":\"ListItem\",\"position\":2,\"name\":\"Odavanje dr\u017eavnih i vojnih po\u010dasti za Ratka Mladi\u0107a nemoralno i nezakonito\"}]},{\"@type\":\"WebSite\",\"@id\":\"https:\/\/yihr.rs\/bhs\/#website\",\"url\":\"https:\/\/yihr.rs\/bhs\/\",\"name\":\"YIHR.rs\",\"description\":\"\",\"publisher\":{\"@id\":\"https:\/\/yihr.rs\/bhs\/#organization\"},\"potentialAction\":[{\"@type\":\"SearchAction\",\"target\":{\"@type\":\"EntryPoint\",\"urlTemplate\":\"https:\/\/yihr.rs\/bhs\/?s={search_term_string}\"},\"query-input\":\"required name=search_term_string\"}],\"inLanguage\":\"bhs-BHS\"},{\"@type\":\"Organization\",\"@id\":\"https:\/\/yihr.rs\/bhs\/#organization\",\"name\":\"Inicijativa mladih za ljudska prava\",\"url\":\"https:\/\/yihr.rs\/bhs\/\",\"logo\":{\"@type\":\"ImageObject\",\"inLanguage\":\"bhs-BHS\",\"@id\":\"https:\/\/yihr.rs\/bhs\/#\/schema\/logo\/image\/\",\"url\":\"https:\/\/yihr.rs\/wp-content\/uploads\/2019\/04\/yihr-logo.png\",\"contentUrl\":\"https:\/\/yihr.rs\/wp-content\/uploads\/2019\/04\/yihr-logo.png\",\"width\":157,\"height\":54,\"caption\":\"Inicijativa mladih za ljudska prava\"},\"image\":{\"@id\":\"https:\/\/yihr.rs\/bhs\/#\/schema\/logo\/image\/\"}},{\"@type\":\"Person\",\"@id\":\"https:\/\/yihr.rs\/bhs\/#\/schema\/person\/7186157598b114d93f0a98e406fcc811\",\"name\":\"YIHR\",\"image\":{\"@type\":\"ImageObject\",\"inLanguage\":\"bhs-BHS\",\"@id\":\"https:\/\/yihr.rs\/bhs\/#\/schema\/person\/image\/\",\"url\":\"https:\/\/secure.gravatar.com\/avatar\/827fb1ad44b0077db507a1ccb518d991?s=96&d=mm&r=g\",\"contentUrl\":\"https:\/\/secure.gravatar.com\/avatar\/827fb1ad44b0077db507a1ccb518d991?s=96&d=mm&r=g\",\"caption\":\"YIHR\"},\"url\":\"https:\/\/yihr.rs\/bhs\/author\/yihr\/\"}]}<\/script>\n<!-- \/ Yoast SEO plugin. -->","yoast_head_json":{"title":"Odavanje dr\u017eavnih i vojnih po\u010dasti za Ratka Mladi\u0107a nemoralno i nezakonito - YIHR.rs","robots":{"index":"index","follow":"follow","max-snippet":"max-snippet:-1","max-image-preview":"max-image-preview:large","max-video-preview":"max-video-preview:-1"},"canonical":"https:\/\/yihr.rs\/bhs\/odavanje-drzavnih-i-vojnih-pocasti-za-ratka-mladica-nemoralno-i-nezakonito\/","og_locale":"en_US","og_type":"article","og_title":"Odavanje dr\u017eavnih i vojnih po\u010dasti za Ratka Mladi\u0107a nemoralno i nezakonito - YIHR.rs","og_description":"Inicijativa mladih za ljudska prava osu\u0111uje zloupotrebu dr\u017eavnih resursa koji su iskori\u0161\u0107eni prilikom dopremanja tela i najave dr\u017eavne komemoracije Ratka Mladi\u0107a koji je osu\u0111en za genocid i zlo\u010dine protiv \u010dove\u010dnosti tokom rata u Bosni i Hercegovini.","og_url":"https:\/\/yihr.rs\/bhs\/odavanje-drzavnih-i-vojnih-pocasti-za-ratka-mladica-nemoralno-i-nezakonito\/","og_site_name":"YIHR.rs","article_published_time":"2026-09-04T13:30:17+00:00","og_image":[{"width":760,"height":300,"url":"https:\/\/yihr.rs\/wp-content\/uploads\/2025\/10\/2-4.png","type":"image\/png"}],"author":"YIHR","twitter_card":"summary_large_image","twitter_misc":{"Written by":"YIHR","Est. reading time":"4 minutes"},"schema":{"@context":"https:\/\/schema.org","@graph":[{"@type":"Article","@id":"https:\/\/yihr.rs\/bhs\/odavanje-drzavnih-i-vojnih-pocasti-za-ratka-mladica-nemoralno-i-nezakonito\/#article","isPartOf":{"@id":"https:\/\/yihr.rs\/bhs\/odavanje-drzavnih-i-vojnih-pocasti-za-ratka-mladica-nemoralno-i-nezakonito\/"},"author":{"name":"YIHR","@id":"https:\/\/yihr.rs\/bhs\/#\/schema\/person\/7186157598b114d93f0a98e406fcc811"},"headline":"Odavanje dr\u017eavnih i vojnih po\u010dasti za Ratka Mladi\u0107a nemoralno i nezakonito","datePublished":"2026-09-04T13:30:17+00:00","dateModified":"2026-09-04T13:30:17+00:00","mainEntityOfPage":{"@id":"https:\/\/yihr.rs\/bhs\/odavanje-drzavnih-i-vojnih-pocasti-za-ratka-mladica-nemoralno-i-nezakonito\/"},"wordCount":662,"commentCount":0,"publisher":{"@id":"https:\/\/yihr.rs\/bhs\/#organization"},"articleSection":["Saop\u0161tenja"],"inLanguage":"bhs-BHS","potentialAction":[{"@type":"CommentAction","name":"Comment","target":["https:\/\/yihr.rs\/bhs\/odavanje-drzavnih-i-vojnih-pocasti-za-ratka-mladica-nemoralno-i-nezakonito\/#respond"]}]},{"@type":"WebPage","@id":"https:\/\/yihr.rs\/bhs\/odavanje-drzavnih-i-vojnih-pocasti-za-ratka-mladica-nemoralno-i-nezakonito\/","url":"https:\/\/yihr.rs\/bhs\/odavanje-drzavnih-i-vojnih-pocasti-za-ratka-mladica-nemoralno-i-nezakonito\/","name":"Odavanje dr\u017eavnih i vojnih po\u010dasti za Ratka Mladi\u0107a nemoralno i nezakonito - YIHR.rs","isPartOf":{"@id":"https:\/\/yihr.rs\/bhs\/#website"},"datePublished":"2026-09-04T13:30:17+00:00","dateModified":"2026-09-04T13:30:17+00:00","breadcrumb":{"@id":"https:\/\/yihr.rs\/bhs\/odavanje-drzavnih-i-vojnih-pocasti-za-ratka-mladica-nemoralno-i-nezakonito\/#breadcrumb"},"inLanguage":"bhs-BHS","potentialAction":[{"@type":"ReadAction","target":["https:\/\/yihr.rs\/bhs\/odavanje-drzavnih-i-vojnih-pocasti-za-ratka-mladica-nemoralno-i-nezakonito\/"]}]},{"@type":"BreadcrumbList","@id":"https:\/\/yihr.rs\/bhs\/odavanje-drzavnih-i-vojnih-pocasti-za-ratka-mladica-nemoralno-i-nezakonito\/#breadcrumb","itemListElement":[{"@type":"ListItem","position":1,"name":"Home","item":"https:\/\/yihr.rs\/bhs\/"},{"@type":"ListItem","position":2,"name":"Odavanje dr\u017eavnih i vojnih po\u010dasti za Ratka Mladi\u0107a nemoralno i nezakonito"}]},{"@type":"WebSite","@id":"https:\/\/yihr.rs\/bhs\/#website","url":"https:\/\/yihr.rs\/bhs\/","name":"YIHR.rs","description":"","publisher":{"@id":"https:\/\/yihr.rs\/bhs\/#organization"},"potentialAction":[{"@type":"SearchAction","target":{"@type":"EntryPoint","urlTemplate":"https:\/\/yihr.rs\/bhs\/?s={search_term_string}"},"query-input":"required name=search_term_string"}],"inLanguage":"bhs-BHS"},{"@type":"Organization","@id":"https:\/\/yihr.rs\/bhs\/#organization","name":"Inicijativa mladih za ljudska prava","url":"https:\/\/yihr.rs\/bhs\/","logo":{"@type":"ImageObject","inLanguage":"bhs-BHS","@id":"https:\/\/yihr.rs\/bhs\/#\/schema\/logo\/image\/","url":"https:\/\/yihr.rs\/wp-content\/uploads\/2019\/04\/yihr-logo.png","contentUrl":"https:\/\/yihr.rs\/wp-content\/uploads\/2019\/04\/yihr-logo.png","width":157,"height":54,"caption":"Inicijativa mladih za ljudska prava"},"image":{"@id":"https:\/\/yihr.rs\/bhs\/#\/schema\/logo\/image\/"}},{"@type":"Person","@id":"https:\/\/yihr.rs\/bhs\/#\/schema\/person\/7186157598b114d93f0a98e406fcc811","name":"YIHR","image":{"@type":"ImageObject","inLanguage":"bhs-BHS","@id":"https:\/\/yihr.rs\/bhs\/#\/schema\/person\/image\/","url":"https:\/\/secure.gravatar.com\/avatar\/827fb1ad44b0077db507a1ccb518d991?s=96&d=mm&r=g","contentUrl":"https:\/\/secure.gravatar.com\/avatar\/827fb1ad44b0077db507a1ccb518d991?s=96&d=mm&r=g","caption":"YIHR"},"url":"https:\/\/yihr.rs\/bhs\/author\/yihr\/"}]}},"_links":{"self":[{"href":"https:\/\/yihr.rs\/bhs\/wp-json\/wp\/v2\/posts\/20729"}],"collection":[{"href":"https:\/\/yihr.rs\/bhs\/wp-json\/wp\/v2\/posts"}],"about":[{"href":"https:\/\/yihr.rs\/bhs\/wp-json\/wp\/v2\/types\/post"}],"author":[{"embeddable":true,"href":"https:\/\/yihr.rs\/bhs\/wp-json\/wp\/v2\/users\/2"}],"replies":[{"embeddable":true,"href":"https:\/\/yihr.rs\/bhs\/wp-json\/wp\/v2\/comments?post=20729"}],"version-history":[{"count":1,"href":"https:\/\/yihr.rs\/bhs\/wp-json\/wp\/v2\/posts\/20729\/revisions"}],"predecessor-version":[{"id":20730,"href":"https:\/\/yihr.rs\/bhs\/wp-json\/wp\/v2\/posts\/20729\/revisions\/20730"}],"wp:featuredmedia":[{"embeddable":true,"href":"https:\/\/yihr.rs\/bhs\/wp-json\/wp\/v2\/media\/19360"}],"wp:attachment":[{"href":"https:\/\/yihr.rs\/bhs\/wp-json\/wp\/v2\/media?parent=20729"}],"wp:term":[{"taxonomy":"category","embeddable":true,"href":"https:\/\/yihr.rs\/bhs\/wp-json\/wp\/v2\/categories?post=20729"},{"taxonomy":"post_tag","embeddable":true,"href":"https:\/\/yihr.rs\/bhs\/wp-json\/wp\/v2\/tags?post=20729"}],"curies":[{"name":"wp","href":"https:\/\/api.w.org\/{rel}","templated":true}]}}