{"id":20720,"date":"2026-08-31T10:42:04","date_gmt":"2026-08-31T09:42:04","guid":{"rendered":"https:\/\/yihr.rs\/?p=20720"},"modified":"2026-08-31T10:42:04","modified_gmt":"2026-08-31T09:42:04","slug":"pozivamo-domacu-i-medunarodnu-javnost-da-prisustvuje-sudenju-aktivistima-iz-novog-sada","status":"publish","type":"post","link":"https:\/\/yihr.rs\/bhs\/pozivamo-domacu-i-medunarodnu-javnost-da-prisustvuje-sudenju-aktivistima-iz-novog-sada\/","title":{"rendered":"Pozivamo doma\u0107u i me\u0111unarodnu javnost da prisustvuje su\u0111enju aktivistima iz Novog Sada"},"content":{"rendered":"<p><span style=\"font-weight: 400;\">Ovim putem obave\u0161tavamo i pozivamo zainteresovanu javnost (doma\u0107u i me\u0111unarodnu) da nam se pridru\u017ei u sudnici jer je u pitanju postupak od velike va\u017enosti za sve one koji smatraju da pravo i pravda nemaju smisla jedno bez drugog. Za ulazak u sudnicu neophodno je poneti va\u017ee\u0107i li\u010dni dokument (mogu prisustvovati i odma\u0107i i strani dr\u017eavljani), biti odeven prikladno (primer: \u0161ortsevi i sandale nisu dozvoljeni) i pona\u0161ati se u skladu sa zakonima Republike Srbije.<\/span><\/p>\n<p><span style=\"font-weight: 400;\">Inicijativa mladih podse\u0107a da se \u0161est studenata iz aktivisti\u010dke grupe STAV jo\u0161 uvek nalazi u egzilu. Sam proces od svog nastajanja predstavlja politi\u010dki, a ne pravni proces, koji ne karakteri\u0161e fer i nepristrasno vo\u0111enje. Sama optu\u017eba za ru\u0161enje ustavnog poretka, na osnovu izve\u0161taja organizacija za ljudska prava, od po\u010detka studentskih procesa koristi se za sudski obra\u010dun sa neistomi\u0161ljenicima, a posebno sa mladima.<\/span><\/p>\n<p><span style=\"font-weight: 400;\">Aktivisti su od po\u010detka postupka proveli 67 dana u pritvoru, 148 dana u ku\u0107nom pritovoru i vi\u0161e od 530 dana u egzilu.<\/span><\/p>\n<p><span style=\"font-weight: 400;\">Na glavnom pretresu sud ima mogu\u0107nost da izuzme sporni dokaz, odnosno protivpravno pribavljen snimak sastanka studenata i aktivista, kao i \u010dlanova opozicione politi\u010dke stranke PSG, koji je emitovan na 5 televizija sa nacionalnom frekvencijom pre nego \u0161to je stigao do tu\u017eila\u0161tva. Mnogi pravni stru\u010dnjaci, advokati i renomirani eksperti iz oblasti ljudskih prava ukazali su na duboko problemati\u010dan karakter \u010ditavog postupka, a sama dopu\u0161tenost kori\u0161\u0107enja ovakvog dokaza pred sudom nije u skladu sa principima vladavine prava i pravnim okvirom u Republici Srbiji.<\/span><\/p>\n<p><span style=\"font-weight: 400;\">INTERPOL je 4. juna 2026. godine poslao dopis Ministarstvu unutra\u0161njih poslova Republike Srbije u vezi sa podignutom me\u0111unarodnom poternicom protiv Mile Paji\u0107. U dopisu se jasno navodi da nije mogu\u0107e da INTERPOL postupa prema zahtevu organa Republike Srbije u ovom konkretnom slu\u010daju jer se on kategorizuje kao zahtev politi\u010dkog karaktera.<\/span><\/p>\n<p><span style=\"font-weight: 400;\">Mnoge me\u0111unarodne organizacije koje se bave za\u0161titom aktivista, a pre svega mladih aktivista, iskazale su svoju zabrinutost i osudile su politi\u010dki motivisan sudski progon studenata u Srbiji.<\/span><\/p>\n<p><span style=\"font-weight: 400;\">Kako je su\u0111enje otvoreno za javnost, \u010dlanovi i \u010dlanice Inicijative mladih za ljudsla prava \u0107e u svojstvu zainteresovane javnosti prisustvovati pretresu. Pridru\u017eite nam se.<\/span><\/p>\n","protected":false},"excerpt":{"rendered":"U petak, 4. septembra od 9:30 \u010dasova u Vi\u0161em sudu u Novom Sadu, bi\u0107e odr\u017ean glavni pretres povodom slu\u010daja protivpravnog prislu\u0161kivanja grupe aktivista i \u010dlanova stranke Pokret slobodnih gra\u0111ana iz Novog Sada. \r\n","protected":false},"author":2,"featured_media":19360,"comment_status":"open","ping_status":"open","sticky":false,"template":"","format":"standard","meta":{"ngg_post_thumbnail":0},"categories":[1309],"tags":[],"acf":[],"yoast_head":"<!-- This site is optimized with the Yoast SEO plugin v20.7 - https:\/\/yoast.com\/wordpress\/plugins\/seo\/ -->\n<title>Pozivamo doma\u0107u i me\u0111unarodnu javnost da prisustvuje su\u0111enju aktivistima iz Novog Sada - YIHR.rs<\/title>\n<meta name=\"robots\" content=\"index, follow, max-snippet:-1, max-image-preview:large, max-video-preview:-1\" \/>\n<link rel=\"canonical\" href=\"https:\/\/yihr.rs\/bhs\/pozivamo-domacu-i-medunarodnu-javnost-da-prisustvuje-sudenju-aktivistima-iz-novog-sada\/\" \/>\n<meta property=\"og:locale\" content=\"en_US\" \/>\n<meta property=\"og:type\" content=\"article\" \/>\n<meta property=\"og:title\" content=\"Pozivamo doma\u0107u i me\u0111unarodnu javnost da prisustvuje su\u0111enju aktivistima iz Novog Sada - YIHR.rs\" \/>\n<meta property=\"og:description\" content=\"U petak, 4. septembra od 9:30 \u010dasova u Vi\u0161em sudu u Novom Sadu, bi\u0107e odr\u017ean glavni pretres povodom slu\u010daja protivpravnog prislu\u0161kivanja grupe aktivista i \u010dlanova stranke Pokret slobodnih gra\u0111ana iz Novog Sada.\" \/>\n<meta property=\"og:url\" content=\"https:\/\/yihr.rs\/bhs\/pozivamo-domacu-i-medunarodnu-javnost-da-prisustvuje-sudenju-aktivistima-iz-novog-sada\/\" \/>\n<meta property=\"og:site_name\" content=\"YIHR.rs\" \/>\n<meta property=\"article:published_time\" content=\"2026-08-31T09:42:04+00:00\" \/>\n<meta property=\"og:image\" content=\"https:\/\/yihr.rs\/wp-content\/uploads\/2025\/10\/2-4.png\" \/>\n\t<meta property=\"og:image:width\" content=\"760\" \/>\n\t<meta property=\"og:image:height\" content=\"300\" \/>\n\t<meta property=\"og:image:type\" content=\"image\/png\" \/>\n<meta name=\"author\" content=\"YIHR\" \/>\n<meta name=\"twitter:card\" content=\"summary_large_image\" \/>\n<meta name=\"twitter:label1\" content=\"Written by\" \/>\n\t<meta name=\"twitter:data1\" content=\"YIHR\" \/>\n\t<meta name=\"twitter:label2\" content=\"Est. reading time\" \/>\n\t<meta name=\"twitter:data2\" content=\"2 minutes\" \/>\n<script type=\"application\/ld+json\" class=\"yoast-schema-graph\">{\"@context\":\"https:\/\/schema.org\",\"@graph\":[{\"@type\":\"Article\",\"@id\":\"https:\/\/yihr.rs\/bhs\/pozivamo-domacu-i-medunarodnu-javnost-da-prisustvuje-sudenju-aktivistima-iz-novog-sada\/#article\",\"isPartOf\":{\"@id\":\"https:\/\/yihr.rs\/bhs\/pozivamo-domacu-i-medunarodnu-javnost-da-prisustvuje-sudenju-aktivistima-iz-novog-sada\/\"},\"author\":{\"name\":\"YIHR\",\"@id\":\"https:\/\/yihr.rs\/bhs\/#\/schema\/person\/7186157598b114d93f0a98e406fcc811\"},\"headline\":\"Pozivamo doma\u0107u i me\u0111unarodnu javnost da prisustvuje su\u0111enju aktivistima iz Novog Sada\",\"datePublished\":\"2026-08-31T09:42:04+00:00\",\"dateModified\":\"2026-08-31T09:42:04+00:00\",\"mainEntityOfPage\":{\"@id\":\"https:\/\/yihr.rs\/bhs\/pozivamo-domacu-i-medunarodnu-javnost-da-prisustvuje-sudenju-aktivistima-iz-novog-sada\/\"},\"wordCount\":391,\"commentCount\":0,\"publisher\":{\"@id\":\"https:\/\/yihr.rs\/bhs\/#organization\"},\"articleSection\":[\"Saop\u0161tenja\"],\"inLanguage\":\"bhs-BHS\",\"potentialAction\":[{\"@type\":\"CommentAction\",\"name\":\"Comment\",\"target\":[\"https:\/\/yihr.rs\/bhs\/pozivamo-domacu-i-medunarodnu-javnost-da-prisustvuje-sudenju-aktivistima-iz-novog-sada\/#respond\"]}]},{\"@type\":\"WebPage\",\"@id\":\"https:\/\/yihr.rs\/bhs\/pozivamo-domacu-i-medunarodnu-javnost-da-prisustvuje-sudenju-aktivistima-iz-novog-sada\/\",\"url\":\"https:\/\/yihr.rs\/bhs\/pozivamo-domacu-i-medunarodnu-javnost-da-prisustvuje-sudenju-aktivistima-iz-novog-sada\/\",\"name\":\"Pozivamo doma\u0107u i me\u0111unarodnu javnost da prisustvuje su\u0111enju aktivistima iz Novog Sada - YIHR.rs\",\"isPartOf\":{\"@id\":\"https:\/\/yihr.rs\/bhs\/#website\"},\"datePublished\":\"2026-08-31T09:42:04+00:00\",\"dateModified\":\"2026-08-31T09:42:04+00:00\",\"breadcrumb\":{\"@id\":\"https:\/\/yihr.rs\/bhs\/pozivamo-domacu-i-medunarodnu-javnost-da-prisustvuje-sudenju-aktivistima-iz-novog-sada\/#breadcrumb\"},\"inLanguage\":\"bhs-BHS\",\"potentialAction\":[{\"@type\":\"ReadAction\",\"target\":[\"https:\/\/yihr.rs\/bhs\/pozivamo-domacu-i-medunarodnu-javnost-da-prisustvuje-sudenju-aktivistima-iz-novog-sada\/\"]}]},{\"@type\":\"BreadcrumbList\",\"@id\":\"https:\/\/yihr.rs\/bhs\/pozivamo-domacu-i-medunarodnu-javnost-da-prisustvuje-sudenju-aktivistima-iz-novog-sada\/#breadcrumb\",\"itemListElement\":[{\"@type\":\"ListItem\",\"position\":1,\"name\":\"Home\",\"item\":\"https:\/\/yihr.rs\/bhs\/\"},{\"@type\":\"ListItem\",\"position\":2,\"name\":\"Pozivamo doma\u0107u i me\u0111unarodnu javnost da prisustvuje su\u0111enju aktivistima iz Novog Sada\"}]},{\"@type\":\"WebSite\",\"@id\":\"https:\/\/yihr.rs\/bhs\/#website\",\"url\":\"https:\/\/yihr.rs\/bhs\/\",\"name\":\"YIHR.rs\",\"description\":\"\",\"publisher\":{\"@id\":\"https:\/\/yihr.rs\/bhs\/#organization\"},\"potentialAction\":[{\"@type\":\"SearchAction\",\"target\":{\"@type\":\"EntryPoint\",\"urlTemplate\":\"https:\/\/yihr.rs\/bhs\/?s={search_term_string}\"},\"query-input\":\"required name=search_term_string\"}],\"inLanguage\":\"bhs-BHS\"},{\"@type\":\"Organization\",\"@id\":\"https:\/\/yihr.rs\/bhs\/#organization\",\"name\":\"Inicijativa mladih za ljudska prava\",\"url\":\"https:\/\/yihr.rs\/bhs\/\",\"logo\":{\"@type\":\"ImageObject\",\"inLanguage\":\"bhs-BHS\",\"@id\":\"https:\/\/yihr.rs\/bhs\/#\/schema\/logo\/image\/\",\"url\":\"https:\/\/yihr.rs\/wp-content\/uploads\/2019\/04\/yihr-logo.png\",\"contentUrl\":\"https:\/\/yihr.rs\/wp-content\/uploads\/2019\/04\/yihr-logo.png\",\"width\":157,\"height\":54,\"caption\":\"Inicijativa mladih za ljudska prava\"},\"image\":{\"@id\":\"https:\/\/yihr.rs\/bhs\/#\/schema\/logo\/image\/\"}},{\"@type\":\"Person\",\"@id\":\"https:\/\/yihr.rs\/bhs\/#\/schema\/person\/7186157598b114d93f0a98e406fcc811\",\"name\":\"YIHR\",\"image\":{\"@type\":\"ImageObject\",\"inLanguage\":\"bhs-BHS\",\"@id\":\"https:\/\/yihr.rs\/bhs\/#\/schema\/person\/image\/\",\"url\":\"https:\/\/secure.gravatar.com\/avatar\/827fb1ad44b0077db507a1ccb518d991?s=96&d=mm&r=g\",\"contentUrl\":\"https:\/\/secure.gravatar.com\/avatar\/827fb1ad44b0077db507a1ccb518d991?s=96&d=mm&r=g\",\"caption\":\"YIHR\"},\"url\":\"https:\/\/yihr.rs\/bhs\/author\/yihr\/\"}]}<\/script>\n<!-- \/ Yoast SEO plugin. -->","yoast_head_json":{"title":"Pozivamo doma\u0107u i me\u0111unarodnu javnost da prisustvuje su\u0111enju aktivistima iz Novog Sada - YIHR.rs","robots":{"index":"index","follow":"follow","max-snippet":"max-snippet:-1","max-image-preview":"max-image-preview:large","max-video-preview":"max-video-preview:-1"},"canonical":"https:\/\/yihr.rs\/bhs\/pozivamo-domacu-i-medunarodnu-javnost-da-prisustvuje-sudenju-aktivistima-iz-novog-sada\/","og_locale":"en_US","og_type":"article","og_title":"Pozivamo doma\u0107u i me\u0111unarodnu javnost da prisustvuje su\u0111enju aktivistima iz Novog Sada - YIHR.rs","og_description":"U petak, 4. septembra od 9:30 \u010dasova u Vi\u0161em sudu u Novom Sadu, bi\u0107e odr\u017ean glavni pretres povodom slu\u010daja protivpravnog prislu\u0161kivanja grupe aktivista i \u010dlanova stranke Pokret slobodnih gra\u0111ana iz Novog Sada.","og_url":"https:\/\/yihr.rs\/bhs\/pozivamo-domacu-i-medunarodnu-javnost-da-prisustvuje-sudenju-aktivistima-iz-novog-sada\/","og_site_name":"YIHR.rs","article_published_time":"2026-08-31T09:42:04+00:00","og_image":[{"width":760,"height":300,"url":"https:\/\/yihr.rs\/wp-content\/uploads\/2025\/10\/2-4.png","type":"image\/png"}],"author":"YIHR","twitter_card":"summary_large_image","twitter_misc":{"Written by":"YIHR","Est. reading time":"2 minutes"},"schema":{"@context":"https:\/\/schema.org","@graph":[{"@type":"Article","@id":"https:\/\/yihr.rs\/bhs\/pozivamo-domacu-i-medunarodnu-javnost-da-prisustvuje-sudenju-aktivistima-iz-novog-sada\/#article","isPartOf":{"@id":"https:\/\/yihr.rs\/bhs\/pozivamo-domacu-i-medunarodnu-javnost-da-prisustvuje-sudenju-aktivistima-iz-novog-sada\/"},"author":{"name":"YIHR","@id":"https:\/\/yihr.rs\/bhs\/#\/schema\/person\/7186157598b114d93f0a98e406fcc811"},"headline":"Pozivamo doma\u0107u i me\u0111unarodnu javnost da prisustvuje su\u0111enju aktivistima iz Novog Sada","datePublished":"2026-08-31T09:42:04+00:00","dateModified":"2026-08-31T09:42:04+00:00","mainEntityOfPage":{"@id":"https:\/\/yihr.rs\/bhs\/pozivamo-domacu-i-medunarodnu-javnost-da-prisustvuje-sudenju-aktivistima-iz-novog-sada\/"},"wordCount":391,"commentCount":0,"publisher":{"@id":"https:\/\/yihr.rs\/bhs\/#organization"},"articleSection":["Saop\u0161tenja"],"inLanguage":"bhs-BHS","potentialAction":[{"@type":"CommentAction","name":"Comment","target":["https:\/\/yihr.rs\/bhs\/pozivamo-domacu-i-medunarodnu-javnost-da-prisustvuje-sudenju-aktivistima-iz-novog-sada\/#respond"]}]},{"@type":"WebPage","@id":"https:\/\/yihr.rs\/bhs\/pozivamo-domacu-i-medunarodnu-javnost-da-prisustvuje-sudenju-aktivistima-iz-novog-sada\/","url":"https:\/\/yihr.rs\/bhs\/pozivamo-domacu-i-medunarodnu-javnost-da-prisustvuje-sudenju-aktivistima-iz-novog-sada\/","name":"Pozivamo doma\u0107u i me\u0111unarodnu javnost da prisustvuje su\u0111enju aktivistima iz Novog Sada - YIHR.rs","isPartOf":{"@id":"https:\/\/yihr.rs\/bhs\/#website"},"datePublished":"2026-08-31T09:42:04+00:00","dateModified":"2026-08-31T09:42:04+00:00","breadcrumb":{"@id":"https:\/\/yihr.rs\/bhs\/pozivamo-domacu-i-medunarodnu-javnost-da-prisustvuje-sudenju-aktivistima-iz-novog-sada\/#breadcrumb"},"inLanguage":"bhs-BHS","potentialAction":[{"@type":"ReadAction","target":["https:\/\/yihr.rs\/bhs\/pozivamo-domacu-i-medunarodnu-javnost-da-prisustvuje-sudenju-aktivistima-iz-novog-sada\/"]}]},{"@type":"BreadcrumbList","@id":"https:\/\/yihr.rs\/bhs\/pozivamo-domacu-i-medunarodnu-javnost-da-prisustvuje-sudenju-aktivistima-iz-novog-sada\/#breadcrumb","itemListElement":[{"@type":"ListItem","position":1,"name":"Home","item":"https:\/\/yihr.rs\/bhs\/"},{"@type":"ListItem","position":2,"name":"Pozivamo doma\u0107u i me\u0111unarodnu javnost da prisustvuje su\u0111enju aktivistima iz Novog Sada"}]},{"@type":"WebSite","@id":"https:\/\/yihr.rs\/bhs\/#website","url":"https:\/\/yihr.rs\/bhs\/","name":"YIHR.rs","description":"","publisher":{"@id":"https:\/\/yihr.rs\/bhs\/#organization"},"potentialAction":[{"@type":"SearchAction","target":{"@type":"EntryPoint","urlTemplate":"https:\/\/yihr.rs\/bhs\/?s={search_term_string}"},"query-input":"required name=search_term_string"}],"inLanguage":"bhs-BHS"},{"@type":"Organization","@id":"https:\/\/yihr.rs\/bhs\/#organization","name":"Inicijativa mladih za ljudska prava","url":"https:\/\/yihr.rs\/bhs\/","logo":{"@type":"ImageObject","inLanguage":"bhs-BHS","@id":"https:\/\/yihr.rs\/bhs\/#\/schema\/logo\/image\/","url":"https:\/\/yihr.rs\/wp-content\/uploads\/2019\/04\/yihr-logo.png","contentUrl":"https:\/\/yihr.rs\/wp-content\/uploads\/2019\/04\/yihr-logo.png","width":157,"height":54,"caption":"Inicijativa mladih za ljudska prava"},"image":{"@id":"https:\/\/yihr.rs\/bhs\/#\/schema\/logo\/image\/"}},{"@type":"Person","@id":"https:\/\/yihr.rs\/bhs\/#\/schema\/person\/7186157598b114d93f0a98e406fcc811","name":"YIHR","image":{"@type":"ImageObject","inLanguage":"bhs-BHS","@id":"https:\/\/yihr.rs\/bhs\/#\/schema\/person\/image\/","url":"https:\/\/secure.gravatar.com\/avatar\/827fb1ad44b0077db507a1ccb518d991?s=96&d=mm&r=g","contentUrl":"https:\/\/secure.gravatar.com\/avatar\/827fb1ad44b0077db507a1ccb518d991?s=96&d=mm&r=g","caption":"YIHR"},"url":"https:\/\/yihr.rs\/bhs\/author\/yihr\/"}]}},"_links":{"self":[{"href":"https:\/\/yihr.rs\/bhs\/wp-json\/wp\/v2\/posts\/20720"}],"collection":[{"href":"https:\/\/yihr.rs\/bhs\/wp-json\/wp\/v2\/posts"}],"about":[{"href":"https:\/\/yihr.rs\/bhs\/wp-json\/wp\/v2\/types\/post"}],"author":[{"embeddable":true,"href":"https:\/\/yihr.rs\/bhs\/wp-json\/wp\/v2\/users\/2"}],"replies":[{"embeddable":true,"href":"https:\/\/yihr.rs\/bhs\/wp-json\/wp\/v2\/comments?post=20720"}],"version-history":[{"count":1,"href":"https:\/\/yihr.rs\/bhs\/wp-json\/wp\/v2\/posts\/20720\/revisions"}],"predecessor-version":[{"id":20721,"href":"https:\/\/yihr.rs\/bhs\/wp-json\/wp\/v2\/posts\/20720\/revisions\/20721"}],"wp:featuredmedia":[{"embeddable":true,"href":"https:\/\/yihr.rs\/bhs\/wp-json\/wp\/v2\/media\/19360"}],"wp:attachment":[{"href":"https:\/\/yihr.rs\/bhs\/wp-json\/wp\/v2\/media?parent=20720"}],"wp:term":[{"taxonomy":"category","embeddable":true,"href":"https:\/\/yihr.rs\/bhs\/wp-json\/wp\/v2\/categories?post=20720"},{"taxonomy":"post_tag","embeddable":true,"href":"https:\/\/yihr.rs\/bhs\/wp-json\/wp\/v2\/tags?post=20720"}],"curies":[{"name":"wp","href":"https:\/\/api.w.org\/{rel}","templated":true}]}}