{"id":19990,"date":"2026-04-08T15:55:29","date_gmt":"2026-04-08T14:55:29","guid":{"rendered":"https:\/\/yihr.rs\/?p=19990"},"modified":"2026-04-17T12:25:42","modified_gmt":"2026-04-17T11:25:42","slug":"razresenje-dugogodisnjeg-direktora-n1-igora-bozica-predstavlja-najostriji-udar-na-uredivacku-politiku-rusi-kredibilitet-medijske-kuce-i-ukazuje-na-mogucu-zloupotrebu-vlasnickih-prava","status":"publish","type":"post","link":"https:\/\/yihr.rs\/bhs\/razresenje-dugogodisnjeg-direktora-n1-igora-bozica-predstavlja-najostriji-udar-na-uredivacku-politiku-rusi-kredibilitet-medijske-kuce-i-ukazuje-na-mogucu-zloupotrebu-vlasnickih-prava\/","title":{"rendered":"Zajedni\u010dko saop\u0161tenje povodom razre\u0161enja dugogodi\u0161njeg direktora N1 Igora Bo\u017ei\u0107a"},"content":{"rendered":"<p><span style=\"font-weight: 400;\">Nadle\u017ene institucije, poput Regulatornog tela za elektronske medije ili nadle\u017enih pravosudnih institucija, nisu reagovale na ove kampanje ru\u0161enja ugleda. Dosledna ure\u0111iva\u010dka politika bez obzira na prenos vlasni\u0161tva bila je rezultat po\u0161tovanja standarda novinarstva koje je kao imperativ postavilo odgovorno lice TV N1, Igor Bo\u017ei\u0107. Uprkos ometaju\u0107im faktorima u distribuciji programa, ova televizija, kao jedna od mnogobrojnih na kablovskim operaterima, pridobila je vernu publiku \u0161irom Srbije na vi\u0161e osnova: izborom tema od javnog interesa, novinarskim pristupom koji podrazumeva vi\u0161e\u010dasovni terenski rad, blagovremenim informacijama sa kriti\u010dkim osvrtima na iste. Ova televizija neprekidno je pratila i izve\u0161tavala sa javnih okupljanja \u0161irom Srbije, \u010dime je doprinela vidljivo\u0161\u0107u zahteva gra\u0111ana.<\/span><\/p>\n<p><span style=\"font-weight: 400;\">Iz navedenih razloga, razre\u0161enje i neraspore\u0111ivanje dugogodi\u0161njeg direktora, Igora Bo\u017ei\u0107a, predstavlja najo\u0161triji udar od strane novih ve\u0107inskih vlasnika na ure\u0111iva\u010dku politiku, ru\u0161i kredibilitet medijske ku\u0107e i ukazuje na mogu\u0107u zloupotrebu vlasni\u010dkih prava.<\/span><\/p>\n<p><span style=\"font-weight: 400;\">Da podsetimo, UN specijalna izvestiteljka za slobodu mi\u0161ljenja i izra\u017eavanja je u decembru 2025. godine osudila konitnuirane vi\u0161estruke napade na novinare u Srbiji, koji se de\u0161avaju u okviru \u0161ireg, naizgled dr\u017eavno-sponzorisanog narativa protiv nezavisnih medija, uklju\u010duju\u0107i N1 i druge medije u okviru United Medija grupe. UN Specijalna izvestiteljka za slobodu mi\u0161ljenja i izra\u017eavanja zajedno sa Specijalnom izvestiteljkom za slobodu okupljanja i udru\u017eivanja su izrazile zabrinutost zbog etiketiranja medija i novinara kao terorista od strane drugih medija i predsednika Vlade, uklju\u010duju\u0107i Predsednika dr\u017eave. One su ponovile da, kroz kr\u0161enje pretpostavke nevinosti garantovane \u010dlanom 14 Me\u0111unarodnog pakta o gra\u0111anskim i politi\u010dkim pravima, postoji rizik da ovakvo pona\u0161anje ima odvra\u0107aju\u0107i efekat po ostvarivanje prava i sloboda. Konstatovano je da je dr\u017eava odgovorna ukoliko uti\u010de na ure\u0111iva\u010dku politiku privatnog nezavisnog medija.<\/span><\/p>\n<p><span style=\"font-weight: 400;\">U slu\u010daju N1, postoje jake indicije da su najvi\u0161i dr\u017eavni funkcioneri tra\u017eili izmenu urednika. Takvo me\u0161anje dr\u017eave u medijske slobode je apsolutno nedozvoljeno. Promena odgovornog lica od strane vlasnika, bez obrazlo\u017eenja i legitimnog interesa, predstavlja jasnu zloupotrebu prava na \u0161tetu ljudskih prava u Srbiji, me\u0111u kojima su na prvom mestu sloboda izra\u017eavanja i pravo na obave\u0161tenost. Ovakva praksa suprotna je i standardima Ujedinjenih nacija o biznisu i ljudskim pravima, koje me\u0111unarodne korporacije moraju po\u0161tovati. Pozivamo \u201cUnited Group\u201d, kao vode\u0107u kompaniju telekomunikacionih i medijskih operatera u regionu, da obezbedi poslovanje i o\u010duva kredibilitet novinara svoje grupacije, te da obezbedi gra\u0111anima Srbije pravo na objektivno informisanje.<\/span><\/p>\n<p>&nbsp;<\/p>\n<p><span style=\"font-weight: 400;\">Potpisnice saop\u0161tenja:<\/span><\/p>\n<p><span style=\"font-weight: 400;\">Komitet pravnika za ljudska prava YUCOM<\/span><span style=\"font-weight: 400;\"><br \/>\n<\/span><span style=\"font-weight: 400;\">Evropski pokret u Srbiji<\/span><span style=\"font-weight: 400;\"><br \/>\n<\/span><span style=\"font-weight: 400;\">Beogradski centar za bezbednosnu politiku<\/span><span style=\"font-weight: 400;\"><br \/>\n<\/span><span style=\"font-weight: 400;\">Inicijativa mladih za ljudska prava<\/span><span style=\"font-weight: 400;\"><br \/>\n<\/span><span style=\"font-weight: 400;\">Slavko \u0106uruvija fondacija<\/span><span style=\"font-weight: 400;\"><br \/>\n<\/span><span style=\"font-weight: 400;\">Beogradski centar za ljudska prava<\/span><span style=\"font-weight: 400;\"><br \/>\n<\/span><span style=\"font-weight: 400;\">Nezavisno udru\u017aenje novinara Srbije<\/span><span style=\"font-weight: 400;\"><br \/>\n<\/span><span style=\"font-weight: 400;\">Centar savremene politike<\/span><span style=\"font-weight: 400;\"><br \/>\n<\/span><span style=\"font-weight: 400;\">Crta<\/span><span style=\"font-weight: 400;\"><br \/>\n<\/span><span style=\"font-weight: 400;\">Autonomni zenski centar<\/span><span style=\"font-weight: 400;\"><br \/>\n<\/span><span style=\"font-weight: 400;\">Gra\u0111anske inicijative<\/span><span style=\"font-weight: 400;\"><br \/>\n<\/span><span style=\"font-weight: 400;\">Regulatorni institut za obnovljivu energiju i \u017eivotnu sredinu (RERI)<\/span><span style=\"font-weight: 400;\"><br \/>\n<\/span><span style=\"font-weight: 400;\">SHARE Fondacija<\/span><\/p>\n","protected":false},"excerpt":{"rendered":"Ure\u0111iva\u010dka politika i izve\u0161tavanje N1, od po\u010detka emitovanja programa, konstantno je na udaru kritike svih najvi\u0161ih funkcionera, koji su doprineli vi\u0161estrukim napadima na novinare ove televizije. Izve\u0161tavanje N1, do izmena vlasni\u010dke strukture, u provladinim medijima i izjavama najvi\u0161ih funkcionera pripisivano je uticaju vlasnika, te su novinari N1 bili ozna\u010davani kao \u201c\u0161olakovci\u201d i \u201cstrani pla\u0107enici\u201d, da bi nakon promene vlasni\u010dke strukture, pre svega, bili etiketirani kao \u201cteroristi\u201d. ","protected":false},"author":2,"featured_media":16270,"comment_status":"open","ping_status":"open","sticky":false,"template":"","format":"standard","meta":{"ngg_post_thumbnail":0},"categories":[1309],"tags":[],"acf":[],"yoast_head":"<!-- This site is optimized with the Yoast SEO plugin v20.7 - https:\/\/yoast.com\/wordpress\/plugins\/seo\/ -->\n<title>Zajedni\u010dko saop\u0161tenje povodom razre\u0161enja dugogodi\u0161njeg direktora N1 Igora Bo\u017ei\u0107a - YIHR.rs<\/title>\n<meta name=\"robots\" content=\"index, follow, max-snippet:-1, max-image-preview:large, max-video-preview:-1\" \/>\n<link rel=\"canonical\" href=\"https:\/\/yihr.rs\/bhs\/razresenje-dugogodisnjeg-direktora-n1-igora-bozica-predstavlja-najostriji-udar-na-uredivacku-politiku-rusi-kredibilitet-medijske-kuce-i-ukazuje-na-mogucu-zloupotrebu-vlasnickih-prava\/\" \/>\n<meta property=\"og:locale\" content=\"en_US\" \/>\n<meta property=\"og:type\" content=\"article\" \/>\n<meta property=\"og:title\" content=\"Zajedni\u010dko saop\u0161tenje povodom razre\u0161enja dugogodi\u0161njeg direktora N1 Igora Bo\u017ei\u0107a - YIHR.rs\" \/>\n<meta property=\"og:description\" content=\"Ure\u0111iva\u010dka politika i izve\u0161tavanje N1, od po\u010detka emitovanja programa, konstantno je na udaru kritike svih najvi\u0161ih funkcionera, koji su doprineli vi\u0161estrukim napadima na novinare ove televizije. Izve\u0161tavanje N1, do izmena vlasni\u010dke strukture, u provladinim medijima i izjavama najvi\u0161ih funkcionera pripisivano je uticaju vlasnika, te su novinari N1 bili ozna\u010davani kao \u201c\u0161olakovci\u201d i \u201cstrani pla\u0107enici\u201d, da bi nakon promene vlasni\u010dke strukture, pre svega, bili etiketirani kao \u201cteroristi\u201d.\" \/>\n<meta property=\"og:url\" content=\"https:\/\/yihr.rs\/bhs\/razresenje-dugogodisnjeg-direktora-n1-igora-bozica-predstavlja-najostriji-udar-na-uredivacku-politiku-rusi-kredibilitet-medijske-kuce-i-ukazuje-na-mogucu-zloupotrebu-vlasnickih-prava\/\" \/>\n<meta property=\"og:site_name\" content=\"YIHR.rs\" \/>\n<meta property=\"article:published_time\" content=\"2026-04-08T14:55:29+00:00\" \/>\n<meta property=\"article:modified_time\" content=\"2026-04-17T11:25:42+00:00\" \/>\n<meta property=\"og:image\" content=\"https:\/\/yihr.rs\/wp-content\/uploads\/2024\/03\/ZAJEDNICKO.png\" \/>\n\t<meta property=\"og:image:width\" content=\"760\" \/>\n\t<meta property=\"og:image:height\" content=\"300\" \/>\n\t<meta property=\"og:image:type\" content=\"image\/png\" \/>\n<meta name=\"author\" content=\"YIHR\" \/>\n<meta name=\"twitter:card\" content=\"summary_large_image\" \/>\n<meta name=\"twitter:label1\" content=\"Written by\" \/>\n\t<meta name=\"twitter:data1\" content=\"YIHR\" \/>\n\t<meta name=\"twitter:label2\" content=\"Est. reading time\" \/>\n\t<meta name=\"twitter:data2\" content=\"3 minutes\" \/>\n<script type=\"application\/ld+json\" class=\"yoast-schema-graph\">{\"@context\":\"https:\/\/schema.org\",\"@graph\":[{\"@type\":\"Article\",\"@id\":\"https:\/\/yihr.rs\/bhs\/razresenje-dugogodisnjeg-direktora-n1-igora-bozica-predstavlja-najostriji-udar-na-uredivacku-politiku-rusi-kredibilitet-medijske-kuce-i-ukazuje-na-mogucu-zloupotrebu-vlasnickih-prava\/#article\",\"isPartOf\":{\"@id\":\"https:\/\/yihr.rs\/bhs\/razresenje-dugogodisnjeg-direktora-n1-igora-bozica-predstavlja-najostriji-udar-na-uredivacku-politiku-rusi-kredibilitet-medijske-kuce-i-ukazuje-na-mogucu-zloupotrebu-vlasnickih-prava\/\"},\"author\":{\"name\":\"YIHR\",\"@id\":\"https:\/\/yihr.rs\/bhs\/#\/schema\/person\/7186157598b114d93f0a98e406fcc811\"},\"headline\":\"Zajedni\u010dko saop\u0161tenje povodom razre\u0161enja dugogodi\u0161njeg direktora N1 Igora Bo\u017ei\u0107a\",\"datePublished\":\"2026-04-08T14:55:29+00:00\",\"dateModified\":\"2026-04-17T11:25:42+00:00\",\"mainEntityOfPage\":{\"@id\":\"https:\/\/yihr.rs\/bhs\/razresenje-dugogodisnjeg-direktora-n1-igora-bozica-predstavlja-najostriji-udar-na-uredivacku-politiku-rusi-kredibilitet-medijske-kuce-i-ukazuje-na-mogucu-zloupotrebu-vlasnickih-prava\/\"},\"wordCount\":507,\"commentCount\":0,\"publisher\":{\"@id\":\"https:\/\/yihr.rs\/bhs\/#organization\"},\"articleSection\":[\"Saop\u0161tenja\"],\"inLanguage\":\"bhs-BHS\",\"potentialAction\":[{\"@type\":\"CommentAction\",\"name\":\"Comment\",\"target\":[\"https:\/\/yihr.rs\/bhs\/razresenje-dugogodisnjeg-direktora-n1-igora-bozica-predstavlja-najostriji-udar-na-uredivacku-politiku-rusi-kredibilitet-medijske-kuce-i-ukazuje-na-mogucu-zloupotrebu-vlasnickih-prava\/#respond\"]}]},{\"@type\":\"WebPage\",\"@id\":\"https:\/\/yihr.rs\/bhs\/razresenje-dugogodisnjeg-direktora-n1-igora-bozica-predstavlja-najostriji-udar-na-uredivacku-politiku-rusi-kredibilitet-medijske-kuce-i-ukazuje-na-mogucu-zloupotrebu-vlasnickih-prava\/\",\"url\":\"https:\/\/yihr.rs\/bhs\/razresenje-dugogodisnjeg-direktora-n1-igora-bozica-predstavlja-najostriji-udar-na-uredivacku-politiku-rusi-kredibilitet-medijske-kuce-i-ukazuje-na-mogucu-zloupotrebu-vlasnickih-prava\/\",\"name\":\"Zajedni\u010dko saop\u0161tenje povodom razre\u0161enja dugogodi\u0161njeg direktora N1 Igora Bo\u017ei\u0107a - YIHR.rs\",\"isPartOf\":{\"@id\":\"https:\/\/yihr.rs\/bhs\/#website\"},\"datePublished\":\"2026-04-08T14:55:29+00:00\",\"dateModified\":\"2026-04-17T11:25:42+00:00\",\"breadcrumb\":{\"@id\":\"https:\/\/yihr.rs\/bhs\/razresenje-dugogodisnjeg-direktora-n1-igora-bozica-predstavlja-najostriji-udar-na-uredivacku-politiku-rusi-kredibilitet-medijske-kuce-i-ukazuje-na-mogucu-zloupotrebu-vlasnickih-prava\/#breadcrumb\"},\"inLanguage\":\"bhs-BHS\",\"potentialAction\":[{\"@type\":\"ReadAction\",\"target\":[\"https:\/\/yihr.rs\/bhs\/razresenje-dugogodisnjeg-direktora-n1-igora-bozica-predstavlja-najostriji-udar-na-uredivacku-politiku-rusi-kredibilitet-medijske-kuce-i-ukazuje-na-mogucu-zloupotrebu-vlasnickih-prava\/\"]}]},{\"@type\":\"BreadcrumbList\",\"@id\":\"https:\/\/yihr.rs\/bhs\/razresenje-dugogodisnjeg-direktora-n1-igora-bozica-predstavlja-najostriji-udar-na-uredivacku-politiku-rusi-kredibilitet-medijske-kuce-i-ukazuje-na-mogucu-zloupotrebu-vlasnickih-prava\/#breadcrumb\",\"itemListElement\":[{\"@type\":\"ListItem\",\"position\":1,\"name\":\"Home\",\"item\":\"https:\/\/yihr.rs\/bhs\/\"},{\"@type\":\"ListItem\",\"position\":2,\"name\":\"Zajedni\u010dko saop\u0161tenje povodom razre\u0161enja dugogodi\u0161njeg direktora N1 Igora Bo\u017ei\u0107a\"}]},{\"@type\":\"WebSite\",\"@id\":\"https:\/\/yihr.rs\/bhs\/#website\",\"url\":\"https:\/\/yihr.rs\/bhs\/\",\"name\":\"YIHR.rs\",\"description\":\"\",\"publisher\":{\"@id\":\"https:\/\/yihr.rs\/bhs\/#organization\"},\"potentialAction\":[{\"@type\":\"SearchAction\",\"target\":{\"@type\":\"EntryPoint\",\"urlTemplate\":\"https:\/\/yihr.rs\/bhs\/?s={search_term_string}\"},\"query-input\":\"required name=search_term_string\"}],\"inLanguage\":\"bhs-BHS\"},{\"@type\":\"Organization\",\"@id\":\"https:\/\/yihr.rs\/bhs\/#organization\",\"name\":\"Inicijativa mladih za ljudska prava\",\"url\":\"https:\/\/yihr.rs\/bhs\/\",\"logo\":{\"@type\":\"ImageObject\",\"inLanguage\":\"bhs-BHS\",\"@id\":\"https:\/\/yihr.rs\/bhs\/#\/schema\/logo\/image\/\",\"url\":\"https:\/\/yihr.rs\/wp-content\/uploads\/2019\/04\/yihr-logo.png\",\"contentUrl\":\"https:\/\/yihr.rs\/wp-content\/uploads\/2019\/04\/yihr-logo.png\",\"width\":157,\"height\":54,\"caption\":\"Inicijativa mladih za ljudska prava\"},\"image\":{\"@id\":\"https:\/\/yihr.rs\/bhs\/#\/schema\/logo\/image\/\"}},{\"@type\":\"Person\",\"@id\":\"https:\/\/yihr.rs\/bhs\/#\/schema\/person\/7186157598b114d93f0a98e406fcc811\",\"name\":\"YIHR\",\"image\":{\"@type\":\"ImageObject\",\"inLanguage\":\"bhs-BHS\",\"@id\":\"https:\/\/yihr.rs\/bhs\/#\/schema\/person\/image\/\",\"url\":\"https:\/\/secure.gravatar.com\/avatar\/827fb1ad44b0077db507a1ccb518d991?s=96&d=mm&r=g\",\"contentUrl\":\"https:\/\/secure.gravatar.com\/avatar\/827fb1ad44b0077db507a1ccb518d991?s=96&d=mm&r=g\",\"caption\":\"YIHR\"},\"url\":\"https:\/\/yihr.rs\/bhs\/author\/yihr\/\"}]}<\/script>\n<!-- \/ Yoast SEO plugin. -->","yoast_head_json":{"title":"Zajedni\u010dko saop\u0161tenje povodom razre\u0161enja dugogodi\u0161njeg direktora N1 Igora Bo\u017ei\u0107a - YIHR.rs","robots":{"index":"index","follow":"follow","max-snippet":"max-snippet:-1","max-image-preview":"max-image-preview:large","max-video-preview":"max-video-preview:-1"},"canonical":"https:\/\/yihr.rs\/bhs\/razresenje-dugogodisnjeg-direktora-n1-igora-bozica-predstavlja-najostriji-udar-na-uredivacku-politiku-rusi-kredibilitet-medijske-kuce-i-ukazuje-na-mogucu-zloupotrebu-vlasnickih-prava\/","og_locale":"en_US","og_type":"article","og_title":"Zajedni\u010dko saop\u0161tenje povodom razre\u0161enja dugogodi\u0161njeg direktora N1 Igora Bo\u017ei\u0107a - YIHR.rs","og_description":"Ure\u0111iva\u010dka politika i izve\u0161tavanje N1, od po\u010detka emitovanja programa, konstantno je na udaru kritike svih najvi\u0161ih funkcionera, koji su doprineli vi\u0161estrukim napadima na novinare ove televizije. Izve\u0161tavanje N1, do izmena vlasni\u010dke strukture, u provladinim medijima i izjavama najvi\u0161ih funkcionera pripisivano je uticaju vlasnika, te su novinari N1 bili ozna\u010davani kao \u201c\u0161olakovci\u201d i \u201cstrani pla\u0107enici\u201d, da bi nakon promene vlasni\u010dke strukture, pre svega, bili etiketirani kao \u201cteroristi\u201d.","og_url":"https:\/\/yihr.rs\/bhs\/razresenje-dugogodisnjeg-direktora-n1-igora-bozica-predstavlja-najostriji-udar-na-uredivacku-politiku-rusi-kredibilitet-medijske-kuce-i-ukazuje-na-mogucu-zloupotrebu-vlasnickih-prava\/","og_site_name":"YIHR.rs","article_published_time":"2026-04-08T14:55:29+00:00","article_modified_time":"2026-04-17T11:25:42+00:00","og_image":[{"width":760,"height":300,"url":"https:\/\/yihr.rs\/wp-content\/uploads\/2024\/03\/ZAJEDNICKO.png","type":"image\/png"}],"author":"YIHR","twitter_card":"summary_large_image","twitter_misc":{"Written by":"YIHR","Est. reading time":"3 minutes"},"schema":{"@context":"https:\/\/schema.org","@graph":[{"@type":"Article","@id":"https:\/\/yihr.rs\/bhs\/razresenje-dugogodisnjeg-direktora-n1-igora-bozica-predstavlja-najostriji-udar-na-uredivacku-politiku-rusi-kredibilitet-medijske-kuce-i-ukazuje-na-mogucu-zloupotrebu-vlasnickih-prava\/#article","isPartOf":{"@id":"https:\/\/yihr.rs\/bhs\/razresenje-dugogodisnjeg-direktora-n1-igora-bozica-predstavlja-najostriji-udar-na-uredivacku-politiku-rusi-kredibilitet-medijske-kuce-i-ukazuje-na-mogucu-zloupotrebu-vlasnickih-prava\/"},"author":{"name":"YIHR","@id":"https:\/\/yihr.rs\/bhs\/#\/schema\/person\/7186157598b114d93f0a98e406fcc811"},"headline":"Zajedni\u010dko saop\u0161tenje povodom razre\u0161enja dugogodi\u0161njeg direktora N1 Igora Bo\u017ei\u0107a","datePublished":"2026-04-08T14:55:29+00:00","dateModified":"2026-04-17T11:25:42+00:00","mainEntityOfPage":{"@id":"https:\/\/yihr.rs\/bhs\/razresenje-dugogodisnjeg-direktora-n1-igora-bozica-predstavlja-najostriji-udar-na-uredivacku-politiku-rusi-kredibilitet-medijske-kuce-i-ukazuje-na-mogucu-zloupotrebu-vlasnickih-prava\/"},"wordCount":507,"commentCount":0,"publisher":{"@id":"https:\/\/yihr.rs\/bhs\/#organization"},"articleSection":["Saop\u0161tenja"],"inLanguage":"bhs-BHS","potentialAction":[{"@type":"CommentAction","name":"Comment","target":["https:\/\/yihr.rs\/bhs\/razresenje-dugogodisnjeg-direktora-n1-igora-bozica-predstavlja-najostriji-udar-na-uredivacku-politiku-rusi-kredibilitet-medijske-kuce-i-ukazuje-na-mogucu-zloupotrebu-vlasnickih-prava\/#respond"]}]},{"@type":"WebPage","@id":"https:\/\/yihr.rs\/bhs\/razresenje-dugogodisnjeg-direktora-n1-igora-bozica-predstavlja-najostriji-udar-na-uredivacku-politiku-rusi-kredibilitet-medijske-kuce-i-ukazuje-na-mogucu-zloupotrebu-vlasnickih-prava\/","url":"https:\/\/yihr.rs\/bhs\/razresenje-dugogodisnjeg-direktora-n1-igora-bozica-predstavlja-najostriji-udar-na-uredivacku-politiku-rusi-kredibilitet-medijske-kuce-i-ukazuje-na-mogucu-zloupotrebu-vlasnickih-prava\/","name":"Zajedni\u010dko saop\u0161tenje povodom razre\u0161enja dugogodi\u0161njeg direktora N1 Igora Bo\u017ei\u0107a - YIHR.rs","isPartOf":{"@id":"https:\/\/yihr.rs\/bhs\/#website"},"datePublished":"2026-04-08T14:55:29+00:00","dateModified":"2026-04-17T11:25:42+00:00","breadcrumb":{"@id":"https:\/\/yihr.rs\/bhs\/razresenje-dugogodisnjeg-direktora-n1-igora-bozica-predstavlja-najostriji-udar-na-uredivacku-politiku-rusi-kredibilitet-medijske-kuce-i-ukazuje-na-mogucu-zloupotrebu-vlasnickih-prava\/#breadcrumb"},"inLanguage":"bhs-BHS","potentialAction":[{"@type":"ReadAction","target":["https:\/\/yihr.rs\/bhs\/razresenje-dugogodisnjeg-direktora-n1-igora-bozica-predstavlja-najostriji-udar-na-uredivacku-politiku-rusi-kredibilitet-medijske-kuce-i-ukazuje-na-mogucu-zloupotrebu-vlasnickih-prava\/"]}]},{"@type":"BreadcrumbList","@id":"https:\/\/yihr.rs\/bhs\/razresenje-dugogodisnjeg-direktora-n1-igora-bozica-predstavlja-najostriji-udar-na-uredivacku-politiku-rusi-kredibilitet-medijske-kuce-i-ukazuje-na-mogucu-zloupotrebu-vlasnickih-prava\/#breadcrumb","itemListElement":[{"@type":"ListItem","position":1,"name":"Home","item":"https:\/\/yihr.rs\/bhs\/"},{"@type":"ListItem","position":2,"name":"Zajedni\u010dko saop\u0161tenje povodom razre\u0161enja dugogodi\u0161njeg direktora N1 Igora Bo\u017ei\u0107a"}]},{"@type":"WebSite","@id":"https:\/\/yihr.rs\/bhs\/#website","url":"https:\/\/yihr.rs\/bhs\/","name":"YIHR.rs","description":"","publisher":{"@id":"https:\/\/yihr.rs\/bhs\/#organization"},"potentialAction":[{"@type":"SearchAction","target":{"@type":"EntryPoint","urlTemplate":"https:\/\/yihr.rs\/bhs\/?s={search_term_string}"},"query-input":"required name=search_term_string"}],"inLanguage":"bhs-BHS"},{"@type":"Organization","@id":"https:\/\/yihr.rs\/bhs\/#organization","name":"Inicijativa mladih za ljudska prava","url":"https:\/\/yihr.rs\/bhs\/","logo":{"@type":"ImageObject","inLanguage":"bhs-BHS","@id":"https:\/\/yihr.rs\/bhs\/#\/schema\/logo\/image\/","url":"https:\/\/yihr.rs\/wp-content\/uploads\/2019\/04\/yihr-logo.png","contentUrl":"https:\/\/yihr.rs\/wp-content\/uploads\/2019\/04\/yihr-logo.png","width":157,"height":54,"caption":"Inicijativa mladih za ljudska prava"},"image":{"@id":"https:\/\/yihr.rs\/bhs\/#\/schema\/logo\/image\/"}},{"@type":"Person","@id":"https:\/\/yihr.rs\/bhs\/#\/schema\/person\/7186157598b114d93f0a98e406fcc811","name":"YIHR","image":{"@type":"ImageObject","inLanguage":"bhs-BHS","@id":"https:\/\/yihr.rs\/bhs\/#\/schema\/person\/image\/","url":"https:\/\/secure.gravatar.com\/avatar\/827fb1ad44b0077db507a1ccb518d991?s=96&d=mm&r=g","contentUrl":"https:\/\/secure.gravatar.com\/avatar\/827fb1ad44b0077db507a1ccb518d991?s=96&d=mm&r=g","caption":"YIHR"},"url":"https:\/\/yihr.rs\/bhs\/author\/yihr\/"}]}},"_links":{"self":[{"href":"https:\/\/yihr.rs\/bhs\/wp-json\/wp\/v2\/posts\/19990"}],"collection":[{"href":"https:\/\/yihr.rs\/bhs\/wp-json\/wp\/v2\/posts"}],"about":[{"href":"https:\/\/yihr.rs\/bhs\/wp-json\/wp\/v2\/types\/post"}],"author":[{"embeddable":true,"href":"https:\/\/yihr.rs\/bhs\/wp-json\/wp\/v2\/users\/2"}],"replies":[{"embeddable":true,"href":"https:\/\/yihr.rs\/bhs\/wp-json\/wp\/v2\/comments?post=19990"}],"version-history":[{"count":2,"href":"https:\/\/yihr.rs\/bhs\/wp-json\/wp\/v2\/posts\/19990\/revisions"}],"predecessor-version":[{"id":20037,"href":"https:\/\/yihr.rs\/bhs\/wp-json\/wp\/v2\/posts\/19990\/revisions\/20037"}],"wp:featuredmedia":[{"embeddable":true,"href":"https:\/\/yihr.rs\/bhs\/wp-json\/wp\/v2\/media\/16270"}],"wp:attachment":[{"href":"https:\/\/yihr.rs\/bhs\/wp-json\/wp\/v2\/media?parent=19990"}],"wp:term":[{"taxonomy":"category","embeddable":true,"href":"https:\/\/yihr.rs\/bhs\/wp-json\/wp\/v2\/categories?post=19990"},{"taxonomy":"post_tag","embeddable":true,"href":"https:\/\/yihr.rs\/bhs\/wp-json\/wp\/v2\/tags?post=19990"}],"curies":[{"name":"wp","href":"https:\/\/api.w.org\/{rel}","templated":true}]}}