{"id":15767,"date":"2023-12-05T13:41:19","date_gmt":"2023-12-05T12:41:19","guid":{"rendered":"https:\/\/yihr.rs\/?p=15767"},"modified":"2023-12-05T13:41:19","modified_gmt":"2023-12-05T12:41:19","slug":"neobelezena-mesta-stradanja-perucac-i-sljivovica","status":"publish","type":"post","link":"https:\/\/yihr.rs\/bhs\/neobelezena-mesta-stradanja-perucac-i-sljivovica\/","title":{"rendered":"Neobele\u017eena mesta stradanja: Peru\u0107ac i \u0160ljivovica"},"content":{"rendered":"<p><span style=\"font-weight: 400;\">Do skoro nisam znala ni\u0161ta o ovome, \u0161to nije \u010dudno, jer nemamo nikakva spomen obele\u017eja. U formalnom obrazovanju se o devedesetim godinama ne u\u010di, pogotovo se ne spominje vlastita dr\u017eava u kontekstu agresora i masovnih kr\u0161enja ljudskih prava. Mediji se, osim pojedinih, tako\u0111e ne utrkuju da izve\u0161tavaju javnost o postojanju logora na teritoriji Srbije, niti o prikrivanju tela civila.<\/span><\/p>\n<p><span style=\"font-weight: 400;\">Krajem oktobra sam se sa desetak aktivista i aktivistkinja uputila ka Peru\u0107cu i \u0160ljivovici, da nau\u010dim ne\u0161to vi\u0161e o ratu na teritoriji na\u0161e dr\u017eave, o kom sam \u010dula tek u okviru Inicijative.<\/span><\/p>\n<p><span style=\"font-weight: 400;\">Put do Peru\u0107ca je protekao u razgovoru sa nekim dragim ljudima. Volim \u0161to na svakoj studijskoj poseti upoznam i nova lica, volela bih da se jo\u0161 vi\u0161e mladih u Srbiji anga\u017euje oko mirovnog aktivizma.<\/span><\/p>\n<p><span style=\"font-weight: 400;\">Spu\u0161taju\u0107i se do jezera Peru\u0107ac, pred nas je iza\u0161ao radnik jednog od splavova i nudio nam vo\u017enju \u010damcem. Rekao je kako ona upotpunjuje turisti\u010dki do\u017eivljaj jezera, nema ni\u0161ta lep\u0161e. Ironi\u010dno, s obzirom na povod kojim smo do\u0161le\/i. Posle izvesnog uveravanja da smo okej i bez vo\u017enje, nastavili\/e smo jo\u0161 malo ni\u017ee ka obali.<\/span><\/p>\n<p><span style=\"font-weight: 400;\">Vanja, na\u0161 vodi\u010d i zaposleni u Inicijativi, zapo\u010deo je pri\u010du o hladnja\u010di koja je 2001. prona\u0111ena u jezeru, a u kojoj su bila tela kosovskih Albanaca, civila, ubijenih \u201899. od strane srpske vojske i policije. Dok je pri\u010dao, lokalac koji nam je prethodno nudio turu \u010damcem, pribli\u017eavao nam se i slu\u0161ao Vanju.<\/span><\/p>\n<p><span style=\"font-weight: 400;\">Malo sam se uznemirila, a primetila sam nemir i na licima ostalih. O\u010dekivala sam da \u0107e u svakom momentu krenuti rafal uvreda potkrepljenih nacionalizmom. Takav ose\u0107aj me prati skoro uvek kad u Srbiji pri\u010dam o ratovima devedesetih, a da to nije u bablu End\u017eio haba. Pitao je da se ubaci u razgovor. Evo ga, pomislila sam.<\/span><\/p>\n<p><span style=\"font-weight: 400;\">Na na\u0161e iznena\u0111enje, \u010dovek je pri\u010du manje-vi\u0161e, nastavio u smeru u kom je i Vanja i\u0161ao. Govorio je o izvla\u010denju hladnja\u010de, ali i pronalasku tela bo\u0161nja\u010dkog stanovni\u0161tva Vi\u0161egrada i Srebrenice, te \u017ertava otmice u \u0160trpcima, koja su u Drinu i Peru\u0107ac bacali Milan Luki\u0107 i ratni zlo\u010dinci okupljeni oko njega. Neka tela su prona\u0111ena sa \u017eicama oko ruku i nogu. Bilo je i dece.<\/span><\/p>\n<p><span style=\"font-weight: 400;\">Ton kojim je pri\u010dao mi je zvu\u010dao nekako pomirljivim. Osetila sam da razume banalnost rata i da ne podr\u017eava zlo\u010dine po\u010dinjene u njegovom rodnom mestu, ali da se nekako sa\u017eiveo sa tim. Spominjao je i \u201crevan\u0161izam\u201d o kom je Mladi\u0107 pri\u010dao nakon po\u010dinjenog genocida u Srebrenici, u smislu da je na\u0161 narod prosto sklon tome. Zapitala sam se kako je mogu\u0107e da je toliko lako uspe\u0161no sprovesti ratnu propagandu i koje su to nezaceljene rane \u0161to ljude navode da progutaju nacionalizam i da se u tren oka okrenu protiv svojih kom\u0161ija (\u201eokrenu\u201d je maksimalan eufemizam).<\/span><\/p>\n<p><span style=\"font-weight: 400;\">Iako se vlast, svaka vlast, potrudila da zata\u0161ka vesti o pronala\u017eenju tela albanskih i bo\u0161nja\u010dkih civila, ovi ljudi su znali \u0161ta se de\u0161avalo. Svi su znali, i opet se o tome nije pri\u010dalo javno. Dozvolili su da se voda ponovo pusti pre nego \u0161to su sva tela prona\u0111ena, izvu\u010dena i vra\u0107ena svojim porodicama koje i danas tragaju za njima.<\/span><\/p>\n<p><span style=\"font-weight: 400;\">Tela albanskih civila su vra\u0107ena na Kosovo, a za ove zlo\u010dine niko nije odgovarao. Kako?<\/span><\/p>\n<p><span style=\"font-weight: 400;\">Dana\u0161nja vlast je izdanak devedesetih, ali za\u0161to ni ona prethodna nije sa javno\u0161\u0107u podelila vest o isplivavanju masovnih grobnica po Srbiji?<\/span><\/p>\n<p><span style=\"font-weight: 400;\">Sa vi\u0161e pitanja nego odgovora odlazimo sa jezera Peru\u0107ac, popularnog turisti\u010dkog mesta u \u010dijim se dubinama i dalje nalaze tela Bo\u0161njaka.<\/span><\/p>\n<p><span style=\"font-weight: 400;\">Uputile\/i smo se ka \u0160ljivovici. Stigle\/i smo u malo selo za nekih sat vremena, ali smo se zato vozali\/e i \u0161etali\/e po njemu ukrug jo\u0161 barem toliko. Nikako nismo uspevale\/i da prona\u0111emo lokaciju logora iz sredine devedesetih, a zazirale\/i smo da za uputstvo pitamo malobrojne i radoznale me\u0161tane.<\/span><\/p>\n<p><span style=\"font-weight: 400;\">Ni fotografije sa interneta, a ni navo\u0111enja prethodnih Inicijativinih posetilaca i posetiteljki nam nisu pomogla, te se jedan od aktivista odva\u017eio da pita dvoje lokalaca za smer.<\/span><\/p>\n<p><span style=\"font-weight: 400;\">Isprva smo malo zalutale\/i, te se na\u0161le\/i ispred spomenika u sred \u0161ume podignutom palim partizanskim borcima protiv fa\u0161izma. Sa tog smo brda i ugledali\/e crkvu i fabriku na koje smo upu\u0107eni\/e, pa smo se spustili\/e dole autobusom, te posle kratkog vremena, prona\u0161li\/e logor \u201e\u0160ljivovica\u201d.<\/span><\/p>\n<p><span style=\"font-weight: 400;\">Na\u0161a duga potraga svedo\u010di o tome koliko u Srbiji fali spomen obele\u017eja na lokacijama masovnih kr\u0161enja ljudskih prava tokom ratova u biv\u0161oj Jugoslaviji.<\/span><\/p>\n<p><span style=\"font-weight: 400;\">Kad smo do\u0161li\/e do logora, ve\u0107 se smrkavalo. Vanja nam je pri\u010dao kako je srpska vojska zarobila bo\u0161nja\u010dke civile koji su be\u017eali iz Srebrenice u Srbiju, u nadi da \u0107e tamo biti po\u0161te\u0111eni. Neke od ovih ljudi su predali vojsci Republike Srpske, koja ih je zatim ubila, a neki su sme\u0161teni u ovaj logor, gde su dr\u017eani od avgusta \u201895. do aprila \u201896. Mla\u0107eni su i mu\u010deni psihi\u010dki svakodnevno. Poni\u017eavani su teranjem da pevaju \u010detni\u010dke pesme. Izgladnjivani su.<\/span><\/p>\n<p><span style=\"font-weight: 400;\">Jedan od biv\u0161ih logora\u0161a je izjavio kako je bio skoro zadovoljan, jer je bio u ovom logoru. Tu su ga mlatili, ali je bar znao da ga ne\u0107e ubiti, kao \u0161to su ubijali ljude u Srebrenici.<\/span><\/p>\n<p><span style=\"font-weight: 400;\">Neki\/e od aktivista\/kinja su pro\u0161etali prostorijama nekada\u0161njeg logora, dana\u0161nje u korovu urasle ru\u0161evine, a zatim smo ispred objekta pore\u0111ali\/e papire sa natpisom \u201cNeobele\u017eeno mesto stradanja\u201d.<\/span><\/p>\n<p><span style=\"font-weight: 400;\">U ti\u0161ini smo krenule\/i ka autobusu, a u glavi mi je bila dirljiva pri\u010da koju je Vanja ispri\u010dao.<\/span><\/p>\n<p><span style=\"font-weight: 400;\">Jedan od ljudi u logoru je bio povre\u0111en fizi\u010dki. Lekari\/ke su u poseti logoru primetili\/e da je \u017eivotno ugro\u017een, te su urgirali\/e da bude prevezen u bolnicu i tamo ga stabilizovali\/e. Nakon toga, \u010dovek je rekao kako ne mo\u017ee da mrzi Srbe, jer su ga neki od njih mlatili, a drugi su mu spasili \u017eivot. Volela bih da moj do\u017eivljaj posete Peru\u0107cu i \u0160ljivovici ostavim na toj izjavi i mislima sa takvim ljudima.<\/span><\/p>\n","protected":false},"excerpt":{"rendered":"Koliko ti je poznato da se rat devedesetih de\u0161avao i na prostoru Srbije?\u00a0\r\n\r\n\r\n\r\nOrganizovani su logori po kojima su Bo\u0161njaci pre\u017eivljavali svakodnevna mu\u010denja, a prona\u0111ene su i masovne grobnice sa telima kosovskih Albanaca i Bo\u0161njaka, sakrivene po Srbiji, jer kako je rekao Slobodan Milo\u0161evi\u0107: \u201cNema tela, nema dokaza\u201d.","protected":false},"author":58,"featured_media":15770,"comment_status":"open","ping_status":"open","sticky":false,"template":"","format":"standard","meta":{"ngg_post_thumbnail":0},"categories":[2],"tags":[],"acf":[],"yoast_head":"<!-- This site is optimized with the Yoast SEO plugin v20.7 - https:\/\/yoast.com\/wordpress\/plugins\/seo\/ -->\n<title>Neobele\u017eena mesta stradanja: Peru\u0107ac i \u0160ljivovica - YIHR.rs<\/title>\n<meta name=\"robots\" content=\"index, follow, max-snippet:-1, max-image-preview:large, max-video-preview:-1\" \/>\n<link rel=\"canonical\" href=\"https:\/\/yihr.rs\/bhs\/neobelezena-mesta-stradanja-perucac-i-sljivovica\/\" \/>\n<meta property=\"og:locale\" content=\"en_US\" \/>\n<meta property=\"og:type\" content=\"article\" \/>\n<meta property=\"og:title\" content=\"Neobele\u017eena mesta stradanja: Peru\u0107ac i \u0160ljivovica - YIHR.rs\" \/>\n<meta property=\"og:description\" content=\"Koliko ti je poznato da se rat devedesetih de\u0161avao i na prostoru Srbije?\u00a0    Organizovani su logori po kojima su Bo\u0161njaci pre\u017eivljavali svakodnevna mu\u010denja, a prona\u0111ene su i masovne grobnice sa telima kosovskih Albanaca i Bo\u0161njaka, sakrivene po Srbiji, jer kako je rekao Slobodan Milo\u0161evi\u0107: \u201cNema tela, nema dokaza\u201d.\" \/>\n<meta property=\"og:url\" content=\"https:\/\/yihr.rs\/bhs\/neobelezena-mesta-stradanja-perucac-i-sljivovica\/\" \/>\n<meta property=\"og:site_name\" content=\"YIHR.rs\" \/>\n<meta property=\"article:published_time\" content=\"2023-12-05T12:41:19+00:00\" \/>\n<meta property=\"og:image\" content=\"https:\/\/yihr.rs\/wp-content\/uploads\/2023\/12\/DSC_0325-scaled.jpg\" \/>\n\t<meta property=\"og:image:width\" content=\"2560\" \/>\n\t<meta property=\"og:image:height\" content=\"1707\" \/>\n\t<meta property=\"og:image:type\" content=\"image\/jpeg\" \/>\n<meta name=\"author\" content=\"Sanja Gojevi\u0107\" \/>\n<meta name=\"twitter:card\" content=\"summary_large_image\" \/>\n<meta name=\"twitter:label1\" content=\"Written by\" \/>\n\t<meta name=\"twitter:data1\" content=\"Sanja Gojevi\u0107\" \/>\n\t<meta name=\"twitter:label2\" content=\"Est. reading time\" \/>\n\t<meta name=\"twitter:data2\" content=\"6 minutes\" \/>\n<script type=\"application\/ld+json\" class=\"yoast-schema-graph\">{\"@context\":\"https:\/\/schema.org\",\"@graph\":[{\"@type\":\"Article\",\"@id\":\"https:\/\/yihr.rs\/bhs\/neobelezena-mesta-stradanja-perucac-i-sljivovica\/#article\",\"isPartOf\":{\"@id\":\"https:\/\/yihr.rs\/bhs\/neobelezena-mesta-stradanja-perucac-i-sljivovica\/\"},\"author\":{\"name\":\"Sanja Gojevi\u0107\",\"@id\":\"https:\/\/yihr.rs\/bhs\/#\/schema\/person\/1c251f6334b1bcd86b5dcf507e0b7e3b\"},\"headline\":\"Neobele\u017eena mesta stradanja: Peru\u0107ac i \u0160ljivovica\",\"datePublished\":\"2023-12-05T12:41:19+00:00\",\"dateModified\":\"2023-12-05T12:41:19+00:00\",\"mainEntityOfPage\":{\"@id\":\"https:\/\/yihr.rs\/bhs\/neobelezena-mesta-stradanja-perucac-i-sljivovica\/\"},\"wordCount\":1089,\"commentCount\":0,\"publisher\":{\"@id\":\"https:\/\/yihr.rs\/bhs\/#organization\"},\"articleSection\":[\"Blog\"],\"inLanguage\":\"bhs-BHS\",\"potentialAction\":[{\"@type\":\"CommentAction\",\"name\":\"Comment\",\"target\":[\"https:\/\/yihr.rs\/bhs\/neobelezena-mesta-stradanja-perucac-i-sljivovica\/#respond\"]}]},{\"@type\":\"WebPage\",\"@id\":\"https:\/\/yihr.rs\/bhs\/neobelezena-mesta-stradanja-perucac-i-sljivovica\/\",\"url\":\"https:\/\/yihr.rs\/bhs\/neobelezena-mesta-stradanja-perucac-i-sljivovica\/\",\"name\":\"Neobele\u017eena mesta stradanja: Peru\u0107ac i \u0160ljivovica - YIHR.rs\",\"isPartOf\":{\"@id\":\"https:\/\/yihr.rs\/bhs\/#website\"},\"datePublished\":\"2023-12-05T12:41:19+00:00\",\"dateModified\":\"2023-12-05T12:41:19+00:00\",\"breadcrumb\":{\"@id\":\"https:\/\/yihr.rs\/bhs\/neobelezena-mesta-stradanja-perucac-i-sljivovica\/#breadcrumb\"},\"inLanguage\":\"bhs-BHS\",\"potentialAction\":[{\"@type\":\"ReadAction\",\"target\":[\"https:\/\/yihr.rs\/bhs\/neobelezena-mesta-stradanja-perucac-i-sljivovica\/\"]}]},{\"@type\":\"BreadcrumbList\",\"@id\":\"https:\/\/yihr.rs\/bhs\/neobelezena-mesta-stradanja-perucac-i-sljivovica\/#breadcrumb\",\"itemListElement\":[{\"@type\":\"ListItem\",\"position\":1,\"name\":\"Home\",\"item\":\"https:\/\/yihr.rs\/bhs\/\"},{\"@type\":\"ListItem\",\"position\":2,\"name\":\"Neobele\u017eena mesta stradanja: Peru\u0107ac i \u0160ljivovica\"}]},{\"@type\":\"WebSite\",\"@id\":\"https:\/\/yihr.rs\/bhs\/#website\",\"url\":\"https:\/\/yihr.rs\/bhs\/\",\"name\":\"YIHR.rs\",\"description\":\"\",\"publisher\":{\"@id\":\"https:\/\/yihr.rs\/bhs\/#organization\"},\"potentialAction\":[{\"@type\":\"SearchAction\",\"target\":{\"@type\":\"EntryPoint\",\"urlTemplate\":\"https:\/\/yihr.rs\/bhs\/?s={search_term_string}\"},\"query-input\":\"required name=search_term_string\"}],\"inLanguage\":\"bhs-BHS\"},{\"@type\":\"Organization\",\"@id\":\"https:\/\/yihr.rs\/bhs\/#organization\",\"name\":\"Inicijativa mladih za ljudska prava\",\"url\":\"https:\/\/yihr.rs\/bhs\/\",\"logo\":{\"@type\":\"ImageObject\",\"inLanguage\":\"bhs-BHS\",\"@id\":\"https:\/\/yihr.rs\/bhs\/#\/schema\/logo\/image\/\",\"url\":\"https:\/\/yihr.rs\/wp-content\/uploads\/2019\/04\/yihr-logo.png\",\"contentUrl\":\"https:\/\/yihr.rs\/wp-content\/uploads\/2019\/04\/yihr-logo.png\",\"width\":157,\"height\":54,\"caption\":\"Inicijativa mladih za ljudska prava\"},\"image\":{\"@id\":\"https:\/\/yihr.rs\/bhs\/#\/schema\/logo\/image\/\"}},{\"@type\":\"Person\",\"@id\":\"https:\/\/yihr.rs\/bhs\/#\/schema\/person\/1c251f6334b1bcd86b5dcf507e0b7e3b\",\"name\":\"Sanja Gojevi\u0107\",\"image\":{\"@type\":\"ImageObject\",\"inLanguage\":\"bhs-BHS\",\"@id\":\"https:\/\/yihr.rs\/bhs\/#\/schema\/person\/image\/\",\"url\":\"https:\/\/secure.gravatar.com\/avatar\/226395f4c1a3a97171ffa2513444aee0?s=96&d=mm&r=g\",\"contentUrl\":\"https:\/\/secure.gravatar.com\/avatar\/226395f4c1a3a97171ffa2513444aee0?s=96&d=mm&r=g\",\"caption\":\"Sanja Gojevi\u0107\"},\"url\":\"https:\/\/yihr.rs\/bhs\/author\/sanja-gojevic\/\"}]}<\/script>\n<!-- \/ Yoast SEO plugin. -->","yoast_head_json":{"title":"Neobele\u017eena mesta stradanja: Peru\u0107ac i \u0160ljivovica - YIHR.rs","robots":{"index":"index","follow":"follow","max-snippet":"max-snippet:-1","max-image-preview":"max-image-preview:large","max-video-preview":"max-video-preview:-1"},"canonical":"https:\/\/yihr.rs\/bhs\/neobelezena-mesta-stradanja-perucac-i-sljivovica\/","og_locale":"en_US","og_type":"article","og_title":"Neobele\u017eena mesta stradanja: Peru\u0107ac i \u0160ljivovica - YIHR.rs","og_description":"Koliko ti je poznato da se rat devedesetih de\u0161avao i na prostoru Srbije?\u00a0    Organizovani su logori po kojima su Bo\u0161njaci pre\u017eivljavali svakodnevna mu\u010denja, a prona\u0111ene su i masovne grobnice sa telima kosovskih Albanaca i Bo\u0161njaka, sakrivene po Srbiji, jer kako je rekao Slobodan Milo\u0161evi\u0107: \u201cNema tela, nema dokaza\u201d.","og_url":"https:\/\/yihr.rs\/bhs\/neobelezena-mesta-stradanja-perucac-i-sljivovica\/","og_site_name":"YIHR.rs","article_published_time":"2023-12-05T12:41:19+00:00","og_image":[{"width":2560,"height":1707,"url":"https:\/\/yihr.rs\/wp-content\/uploads\/2023\/12\/DSC_0325-scaled.jpg","type":"image\/jpeg"}],"author":"Sanja Gojevi\u0107","twitter_card":"summary_large_image","twitter_misc":{"Written by":"Sanja Gojevi\u0107","Est. reading time":"6 minutes"},"schema":{"@context":"https:\/\/schema.org","@graph":[{"@type":"Article","@id":"https:\/\/yihr.rs\/bhs\/neobelezena-mesta-stradanja-perucac-i-sljivovica\/#article","isPartOf":{"@id":"https:\/\/yihr.rs\/bhs\/neobelezena-mesta-stradanja-perucac-i-sljivovica\/"},"author":{"name":"Sanja Gojevi\u0107","@id":"https:\/\/yihr.rs\/bhs\/#\/schema\/person\/1c251f6334b1bcd86b5dcf507e0b7e3b"},"headline":"Neobele\u017eena mesta stradanja: Peru\u0107ac i \u0160ljivovica","datePublished":"2023-12-05T12:41:19+00:00","dateModified":"2023-12-05T12:41:19+00:00","mainEntityOfPage":{"@id":"https:\/\/yihr.rs\/bhs\/neobelezena-mesta-stradanja-perucac-i-sljivovica\/"},"wordCount":1089,"commentCount":0,"publisher":{"@id":"https:\/\/yihr.rs\/bhs\/#organization"},"articleSection":["Blog"],"inLanguage":"bhs-BHS","potentialAction":[{"@type":"CommentAction","name":"Comment","target":["https:\/\/yihr.rs\/bhs\/neobelezena-mesta-stradanja-perucac-i-sljivovica\/#respond"]}]},{"@type":"WebPage","@id":"https:\/\/yihr.rs\/bhs\/neobelezena-mesta-stradanja-perucac-i-sljivovica\/","url":"https:\/\/yihr.rs\/bhs\/neobelezena-mesta-stradanja-perucac-i-sljivovica\/","name":"Neobele\u017eena mesta stradanja: Peru\u0107ac i \u0160ljivovica - YIHR.rs","isPartOf":{"@id":"https:\/\/yihr.rs\/bhs\/#website"},"datePublished":"2023-12-05T12:41:19+00:00","dateModified":"2023-12-05T12:41:19+00:00","breadcrumb":{"@id":"https:\/\/yihr.rs\/bhs\/neobelezena-mesta-stradanja-perucac-i-sljivovica\/#breadcrumb"},"inLanguage":"bhs-BHS","potentialAction":[{"@type":"ReadAction","target":["https:\/\/yihr.rs\/bhs\/neobelezena-mesta-stradanja-perucac-i-sljivovica\/"]}]},{"@type":"BreadcrumbList","@id":"https:\/\/yihr.rs\/bhs\/neobelezena-mesta-stradanja-perucac-i-sljivovica\/#breadcrumb","itemListElement":[{"@type":"ListItem","position":1,"name":"Home","item":"https:\/\/yihr.rs\/bhs\/"},{"@type":"ListItem","position":2,"name":"Neobele\u017eena mesta stradanja: Peru\u0107ac i \u0160ljivovica"}]},{"@type":"WebSite","@id":"https:\/\/yihr.rs\/bhs\/#website","url":"https:\/\/yihr.rs\/bhs\/","name":"YIHR.rs","description":"","publisher":{"@id":"https:\/\/yihr.rs\/bhs\/#organization"},"potentialAction":[{"@type":"SearchAction","target":{"@type":"EntryPoint","urlTemplate":"https:\/\/yihr.rs\/bhs\/?s={search_term_string}"},"query-input":"required name=search_term_string"}],"inLanguage":"bhs-BHS"},{"@type":"Organization","@id":"https:\/\/yihr.rs\/bhs\/#organization","name":"Inicijativa mladih za ljudska prava","url":"https:\/\/yihr.rs\/bhs\/","logo":{"@type":"ImageObject","inLanguage":"bhs-BHS","@id":"https:\/\/yihr.rs\/bhs\/#\/schema\/logo\/image\/","url":"https:\/\/yihr.rs\/wp-content\/uploads\/2019\/04\/yihr-logo.png","contentUrl":"https:\/\/yihr.rs\/wp-content\/uploads\/2019\/04\/yihr-logo.png","width":157,"height":54,"caption":"Inicijativa mladih za ljudska prava"},"image":{"@id":"https:\/\/yihr.rs\/bhs\/#\/schema\/logo\/image\/"}},{"@type":"Person","@id":"https:\/\/yihr.rs\/bhs\/#\/schema\/person\/1c251f6334b1bcd86b5dcf507e0b7e3b","name":"Sanja Gojevi\u0107","image":{"@type":"ImageObject","inLanguage":"bhs-BHS","@id":"https:\/\/yihr.rs\/bhs\/#\/schema\/person\/image\/","url":"https:\/\/secure.gravatar.com\/avatar\/226395f4c1a3a97171ffa2513444aee0?s=96&d=mm&r=g","contentUrl":"https:\/\/secure.gravatar.com\/avatar\/226395f4c1a3a97171ffa2513444aee0?s=96&d=mm&r=g","caption":"Sanja Gojevi\u0107"},"url":"https:\/\/yihr.rs\/bhs\/author\/sanja-gojevic\/"}]}},"_links":{"self":[{"href":"https:\/\/yihr.rs\/bhs\/wp-json\/wp\/v2\/posts\/15767"}],"collection":[{"href":"https:\/\/yihr.rs\/bhs\/wp-json\/wp\/v2\/posts"}],"about":[{"href":"https:\/\/yihr.rs\/bhs\/wp-json\/wp\/v2\/types\/post"}],"author":[{"embeddable":true,"href":"https:\/\/yihr.rs\/bhs\/wp-json\/wp\/v2\/users\/58"}],"replies":[{"embeddable":true,"href":"https:\/\/yihr.rs\/bhs\/wp-json\/wp\/v2\/comments?post=15767"}],"version-history":[{"count":2,"href":"https:\/\/yihr.rs\/bhs\/wp-json\/wp\/v2\/posts\/15767\/revisions"}],"predecessor-version":[{"id":15769,"href":"https:\/\/yihr.rs\/bhs\/wp-json\/wp\/v2\/posts\/15767\/revisions\/15769"}],"wp:featuredmedia":[{"embeddable":true,"href":"https:\/\/yihr.rs\/bhs\/wp-json\/wp\/v2\/media\/15770"}],"wp:attachment":[{"href":"https:\/\/yihr.rs\/bhs\/wp-json\/wp\/v2\/media?parent=15767"}],"wp:term":[{"taxonomy":"category","embeddable":true,"href":"https:\/\/yihr.rs\/bhs\/wp-json\/wp\/v2\/categories?post=15767"},{"taxonomy":"post_tag","embeddable":true,"href":"https:\/\/yihr.rs\/bhs\/wp-json\/wp\/v2\/tags?post=15767"}],"curies":[{"name":"wp","href":"https:\/\/api.w.org\/{rel}","templated":true}]}}