{"id":1310,"date":"2015-05-20T13:53:10","date_gmt":"2015-05-20T13:53:10","guid":{"rendered":"https:\/\/yihr.rs\/?p=1310"},"modified":"2015-06-03T14:29:05","modified_gmt":"2015-06-03T14:29:05","slug":"obelezavanje-dvadesete-godisnjice-masakra-na-tuzlanskoj-kapiji-u-beogradu-novom-sadu-novom-pazaru-i-nisu","status":"publish","type":"post","link":"https:\/\/yihr.rs\/bhs\/obelezavanje-dvadesete-godisnjice-masakra-na-tuzlanskoj-kapiji-u-beogradu-novom-sadu-novom-pazaru-i-nisu\/","title":{"rendered":"Obele\u017eavanje dvadesete godi\u0161njice masakra na Tuzlanskoj kapiji u Beogradu, Novom Sadu, Novom Pazaru i Ni\u0161u"},"content":{"rendered":"<p>Knjiga \u017ealosti bi\u0107e uru\u010dena gradona\u010delniku Tuzle i porodicama \u017ertava na komemoraciji 25. maja ove godine.<\/p>\n<p>Inicijativa mladih za ljudska prava poziva sve omladinske organizacije, politi\u010dke partije i njihove omladine, kao i predstavnike i predstavnice institucija da se upi\u0161u u knjigu \u017ealosti i na taj na\u010din odaju po\u010dast \u017ertvama ovog zlo\u010dina.<\/p>\n<p>Akcije \u0107e se odr\u017eati na slede\u0107im lokacijama:<\/p>\n<p><strong>Beograd<\/strong><\/p>\n<p>20. maj<\/p>\n<ul>\n<li>11.00 \u2013 13.00h na platou ispred Filozofskog fakulteta<\/li>\n<li>14.00 \u2013 16.00h ispred Pravnog fakulteta<\/li>\n<li>17.00 \u2013 19.00h ispred Fakulteta politi\u010dkih nauka<\/li>\n<\/ul>\n<p>22. maj<\/p>\n<ul>\n<li>16.00 \u2013 20.00h ispred Instituta Servantes u Knez Mihailovoj ulici<\/li>\n<\/ul>\n<p>23. maj<\/p>\n<ul>\n<li>16.00 \u2013 20.00h ispred Instituta Servantes u Knez Mihailovoj ulici<\/li>\n<\/ul>\n<p>24. maj<\/p>\n<ul>\n<li>11.00 \u2013 13.00h na Trgu Republike<\/li>\n<li>14.00 \u2013 16.00 na Trgu Milana Mladenovi\u0107a<\/li>\n<li>17.00 \u2013 19.00h ispred sportskog centra 25. maj<\/li>\n<\/ul>\n<p><strong>Ni\u0161 &#8211;\u00a0<\/strong>21. maj<\/p>\n<ul>\n<li>11.00 \u2013 13.00h na Trgu Kralja Milana ispred hotela Ambasador<\/li>\n<\/ul>\n<p><strong>Novi Pazar &#8211;\u00a0<\/strong>21.maj<\/p>\n<ul>\n<li>17.00 \u2013 20.00h u ulici 28. novembra kod \u0160adrvana<\/li>\n<\/ul>\n<p><strong>Novi Sad &#8211;\u00a0<\/strong>mesto i vreme \u0107e biti dodatno objavljeni<\/p>\n<p>25. maja 1995. godine Vojska Republike Srpske ispalila je sa polo\u017eaja na planini Ozren granatu na tuzlansku Kapiju, mesto okupljanja mladih u Tuzli. U ovom zlo\u010dinu ubijena je 71 mlada osoba. Prosek godina ubijenih bio je 23, a najma\u0111a \u017ertva imala je samo dve godine. Za ovaj zlo\u010din osu\u0111en je Novak \u0110uki\u0107, koji se trenutno nalazi u Srbiji i izbegava izdr\u017eavanje zatvorske kazne.<\/p>\n<p>&nbsp;<\/p>\n<p>&nbsp;<\/p>\n","protected":false},"excerpt":{"rendered":"Inicijativa mladih za ljudska prava i aktivisti\u010dki pokret Moja inicijativa organizova\u0107e niz uli\u010dnih akcija u Srbiji povodom dvadesete godi\u0161njice masakra na Tuzlanskoj kapiji. Na uli\u010dnim akcijama aktivisti i aktivistkinje poziva\u0107e gra\u0111ane i gra\u0111anke da se upi\u0161u u knjigu \u017ealosti i iska\u017eu solidarnost sa \u017ertvama ovog zlo\u010dina i njihovim porodicama.","protected":false},"author":2,"featured_media":1338,"comment_status":"open","ping_status":"open","sticky":true,"template":"","format":"standard","meta":{"ngg_post_thumbnail":0},"categories":[4],"tags":[],"acf":[],"yoast_head":"<!-- This site is optimized with the Yoast SEO plugin v20.7 - https:\/\/yoast.com\/wordpress\/plugins\/seo\/ -->\n<title>Obele\u017eavanje dvadesete godi\u0161njice masakra na Tuzlanskoj kapiji u Beogradu, Novom Sadu, Novom Pazaru i Ni\u0161u - YIHR.rs<\/title>\n<meta name=\"robots\" content=\"index, follow, max-snippet:-1, max-image-preview:large, max-video-preview:-1\" \/>\n<link rel=\"canonical\" href=\"https:\/\/yihr.rs\/bhs\/obelezavanje-dvadesete-godisnjice-masakra-na-tuzlanskoj-kapiji-u-beogradu-novom-sadu-novom-pazaru-i-nisu\/\" \/>\n<meta property=\"og:locale\" content=\"en_US\" \/>\n<meta property=\"og:type\" content=\"article\" \/>\n<meta property=\"og:title\" content=\"Obele\u017eavanje dvadesete godi\u0161njice masakra na Tuzlanskoj kapiji u Beogradu, Novom Sadu, Novom Pazaru i Ni\u0161u - YIHR.rs\" \/>\n<meta property=\"og:description\" content=\"Inicijativa mladih za ljudska prava i aktivisti\u010dki pokret Moja inicijativa organizova\u0107e niz uli\u010dnih akcija u Srbiji povodom dvadesete godi\u0161njice masakra na Tuzlanskoj kapiji. Na uli\u010dnim akcijama aktivisti i aktivistkinje poziva\u0107e gra\u0111ane i gra\u0111anke da se upi\u0161u u knjigu \u017ealosti i iska\u017eu solidarnost sa \u017ertvama ovog zlo\u010dina i njihovim porodicama.\" \/>\n<meta property=\"og:url\" content=\"https:\/\/yihr.rs\/bhs\/obelezavanje-dvadesete-godisnjice-masakra-na-tuzlanskoj-kapiji-u-beogradu-novom-sadu-novom-pazaru-i-nisu\/\" \/>\n<meta property=\"og:site_name\" content=\"YIHR.rs\" \/>\n<meta property=\"article:published_time\" content=\"2015-05-20T13:53:10+00:00\" \/>\n<meta property=\"article:modified_time\" content=\"2015-06-03T14:29:05+00:00\" \/>\n<meta property=\"og:image\" content=\"https:\/\/yihr.rs\/wp-content\/uploads\/2015\/05\/11270613_945239022185317_5805245527644587121_o.jpg\" \/>\n\t<meta property=\"og:image:width\" content=\"2048\" \/>\n\t<meta property=\"og:image:height\" content=\"1366\" \/>\n\t<meta property=\"og:image:type\" content=\"image\/jpeg\" \/>\n<meta name=\"author\" content=\"YIHR\" \/>\n<meta name=\"twitter:card\" content=\"summary_large_image\" \/>\n<meta name=\"twitter:label1\" content=\"Written by\" \/>\n\t<meta name=\"twitter:data1\" content=\"YIHR\" \/>\n\t<meta name=\"twitter:label2\" content=\"Est. reading time\" \/>\n\t<meta name=\"twitter:data2\" content=\"1 minute\" \/>\n<script type=\"application\/ld+json\" class=\"yoast-schema-graph\">{\"@context\":\"https:\/\/schema.org\",\"@graph\":[{\"@type\":\"Article\",\"@id\":\"https:\/\/yihr.rs\/bhs\/obelezavanje-dvadesete-godisnjice-masakra-na-tuzlanskoj-kapiji-u-beogradu-novom-sadu-novom-pazaru-i-nisu\/#article\",\"isPartOf\":{\"@id\":\"https:\/\/yihr.rs\/bhs\/obelezavanje-dvadesete-godisnjice-masakra-na-tuzlanskoj-kapiji-u-beogradu-novom-sadu-novom-pazaru-i-nisu\/\"},\"author\":{\"name\":\"YIHR\",\"@id\":\"https:\/\/yihr.rs\/bhs\/#\/schema\/person\/7186157598b114d93f0a98e406fcc811\"},\"headline\":\"Obele\u017eavanje dvadesete godi\u0161njice masakra na Tuzlanskoj kapiji u Beogradu, Novom Sadu, Novom Pazaru i Ni\u0161u\",\"datePublished\":\"2015-05-20T13:53:10+00:00\",\"dateModified\":\"2015-06-03T14:29:05+00:00\",\"mainEntityOfPage\":{\"@id\":\"https:\/\/yihr.rs\/bhs\/obelezavanje-dvadesete-godisnjice-masakra-na-tuzlanskoj-kapiji-u-beogradu-novom-sadu-novom-pazaru-i-nisu\/\"},\"wordCount\":233,\"commentCount\":0,\"publisher\":{\"@id\":\"https:\/\/yihr.rs\/bhs\/#organization\"},\"articleSection\":[\"Vesti\"],\"inLanguage\":\"bhs-BHS\",\"potentialAction\":[{\"@type\":\"CommentAction\",\"name\":\"Comment\",\"target\":[\"https:\/\/yihr.rs\/bhs\/obelezavanje-dvadesete-godisnjice-masakra-na-tuzlanskoj-kapiji-u-beogradu-novom-sadu-novom-pazaru-i-nisu\/#respond\"]}]},{\"@type\":\"WebPage\",\"@id\":\"https:\/\/yihr.rs\/bhs\/obelezavanje-dvadesete-godisnjice-masakra-na-tuzlanskoj-kapiji-u-beogradu-novom-sadu-novom-pazaru-i-nisu\/\",\"url\":\"https:\/\/yihr.rs\/bhs\/obelezavanje-dvadesete-godisnjice-masakra-na-tuzlanskoj-kapiji-u-beogradu-novom-sadu-novom-pazaru-i-nisu\/\",\"name\":\"Obele\u017eavanje dvadesete godi\u0161njice masakra na Tuzlanskoj kapiji u Beogradu, Novom Sadu, Novom Pazaru i Ni\u0161u - YIHR.rs\",\"isPartOf\":{\"@id\":\"https:\/\/yihr.rs\/bhs\/#website\"},\"datePublished\":\"2015-05-20T13:53:10+00:00\",\"dateModified\":\"2015-06-03T14:29:05+00:00\",\"breadcrumb\":{\"@id\":\"https:\/\/yihr.rs\/bhs\/obelezavanje-dvadesete-godisnjice-masakra-na-tuzlanskoj-kapiji-u-beogradu-novom-sadu-novom-pazaru-i-nisu\/#breadcrumb\"},\"inLanguage\":\"bhs-BHS\",\"potentialAction\":[{\"@type\":\"ReadAction\",\"target\":[\"https:\/\/yihr.rs\/bhs\/obelezavanje-dvadesete-godisnjice-masakra-na-tuzlanskoj-kapiji-u-beogradu-novom-sadu-novom-pazaru-i-nisu\/\"]}]},{\"@type\":\"BreadcrumbList\",\"@id\":\"https:\/\/yihr.rs\/bhs\/obelezavanje-dvadesete-godisnjice-masakra-na-tuzlanskoj-kapiji-u-beogradu-novom-sadu-novom-pazaru-i-nisu\/#breadcrumb\",\"itemListElement\":[{\"@type\":\"ListItem\",\"position\":1,\"name\":\"Home\",\"item\":\"https:\/\/yihr.rs\/bhs\/\"},{\"@type\":\"ListItem\",\"position\":2,\"name\":\"Obele\u017eavanje dvadesete godi\u0161njice masakra na Tuzlanskoj kapiji u Beogradu, Novom Sadu, Novom Pazaru i Ni\u0161u\"}]},{\"@type\":\"WebSite\",\"@id\":\"https:\/\/yihr.rs\/bhs\/#website\",\"url\":\"https:\/\/yihr.rs\/bhs\/\",\"name\":\"YIHR.rs\",\"description\":\"\",\"publisher\":{\"@id\":\"https:\/\/yihr.rs\/bhs\/#organization\"},\"potentialAction\":[{\"@type\":\"SearchAction\",\"target\":{\"@type\":\"EntryPoint\",\"urlTemplate\":\"https:\/\/yihr.rs\/bhs\/?s={search_term_string}\"},\"query-input\":\"required name=search_term_string\"}],\"inLanguage\":\"bhs-BHS\"},{\"@type\":\"Organization\",\"@id\":\"https:\/\/yihr.rs\/bhs\/#organization\",\"name\":\"Inicijativa mladih za ljudska prava\",\"url\":\"https:\/\/yihr.rs\/bhs\/\",\"logo\":{\"@type\":\"ImageObject\",\"inLanguage\":\"bhs-BHS\",\"@id\":\"https:\/\/yihr.rs\/bhs\/#\/schema\/logo\/image\/\",\"url\":\"https:\/\/yihr.rs\/wp-content\/uploads\/2019\/04\/yihr-logo.png\",\"contentUrl\":\"https:\/\/yihr.rs\/wp-content\/uploads\/2019\/04\/yihr-logo.png\",\"width\":157,\"height\":54,\"caption\":\"Inicijativa mladih za ljudska prava\"},\"image\":{\"@id\":\"https:\/\/yihr.rs\/bhs\/#\/schema\/logo\/image\/\"}},{\"@type\":\"Person\",\"@id\":\"https:\/\/yihr.rs\/bhs\/#\/schema\/person\/7186157598b114d93f0a98e406fcc811\",\"name\":\"YIHR\",\"image\":{\"@type\":\"ImageObject\",\"inLanguage\":\"bhs-BHS\",\"@id\":\"https:\/\/yihr.rs\/bhs\/#\/schema\/person\/image\/\",\"url\":\"https:\/\/secure.gravatar.com\/avatar\/827fb1ad44b0077db507a1ccb518d991?s=96&d=mm&r=g\",\"contentUrl\":\"https:\/\/secure.gravatar.com\/avatar\/827fb1ad44b0077db507a1ccb518d991?s=96&d=mm&r=g\",\"caption\":\"YIHR\"},\"url\":\"https:\/\/yihr.rs\/bhs\/author\/yihr\/\"}]}<\/script>\n<!-- \/ Yoast SEO plugin. -->","yoast_head_json":{"title":"Obele\u017eavanje dvadesete godi\u0161njice masakra na Tuzlanskoj kapiji u Beogradu, Novom Sadu, Novom Pazaru i Ni\u0161u - YIHR.rs","robots":{"index":"index","follow":"follow","max-snippet":"max-snippet:-1","max-image-preview":"max-image-preview:large","max-video-preview":"max-video-preview:-1"},"canonical":"https:\/\/yihr.rs\/bhs\/obelezavanje-dvadesete-godisnjice-masakra-na-tuzlanskoj-kapiji-u-beogradu-novom-sadu-novom-pazaru-i-nisu\/","og_locale":"en_US","og_type":"article","og_title":"Obele\u017eavanje dvadesete godi\u0161njice masakra na Tuzlanskoj kapiji u Beogradu, Novom Sadu, Novom Pazaru i Ni\u0161u - YIHR.rs","og_description":"Inicijativa mladih za ljudska prava i aktivisti\u010dki pokret Moja inicijativa organizova\u0107e niz uli\u010dnih akcija u Srbiji povodom dvadesete godi\u0161njice masakra na Tuzlanskoj kapiji. Na uli\u010dnim akcijama aktivisti i aktivistkinje poziva\u0107e gra\u0111ane i gra\u0111anke da se upi\u0161u u knjigu \u017ealosti i iska\u017eu solidarnost sa \u017ertvama ovog zlo\u010dina i njihovim porodicama.","og_url":"https:\/\/yihr.rs\/bhs\/obelezavanje-dvadesete-godisnjice-masakra-na-tuzlanskoj-kapiji-u-beogradu-novom-sadu-novom-pazaru-i-nisu\/","og_site_name":"YIHR.rs","article_published_time":"2015-05-20T13:53:10+00:00","article_modified_time":"2015-06-03T14:29:05+00:00","og_image":[{"width":2048,"height":1366,"url":"https:\/\/yihr.rs\/wp-content\/uploads\/2015\/05\/11270613_945239022185317_5805245527644587121_o.jpg","type":"image\/jpeg"}],"author":"YIHR","twitter_card":"summary_large_image","twitter_misc":{"Written by":"YIHR","Est. reading time":"1 minute"},"schema":{"@context":"https:\/\/schema.org","@graph":[{"@type":"Article","@id":"https:\/\/yihr.rs\/bhs\/obelezavanje-dvadesete-godisnjice-masakra-na-tuzlanskoj-kapiji-u-beogradu-novom-sadu-novom-pazaru-i-nisu\/#article","isPartOf":{"@id":"https:\/\/yihr.rs\/bhs\/obelezavanje-dvadesete-godisnjice-masakra-na-tuzlanskoj-kapiji-u-beogradu-novom-sadu-novom-pazaru-i-nisu\/"},"author":{"name":"YIHR","@id":"https:\/\/yihr.rs\/bhs\/#\/schema\/person\/7186157598b114d93f0a98e406fcc811"},"headline":"Obele\u017eavanje dvadesete godi\u0161njice masakra na Tuzlanskoj kapiji u Beogradu, Novom Sadu, Novom Pazaru i Ni\u0161u","datePublished":"2015-05-20T13:53:10+00:00","dateModified":"2015-06-03T14:29:05+00:00","mainEntityOfPage":{"@id":"https:\/\/yihr.rs\/bhs\/obelezavanje-dvadesete-godisnjice-masakra-na-tuzlanskoj-kapiji-u-beogradu-novom-sadu-novom-pazaru-i-nisu\/"},"wordCount":233,"commentCount":0,"publisher":{"@id":"https:\/\/yihr.rs\/bhs\/#organization"},"articleSection":["Vesti"],"inLanguage":"bhs-BHS","potentialAction":[{"@type":"CommentAction","name":"Comment","target":["https:\/\/yihr.rs\/bhs\/obelezavanje-dvadesete-godisnjice-masakra-na-tuzlanskoj-kapiji-u-beogradu-novom-sadu-novom-pazaru-i-nisu\/#respond"]}]},{"@type":"WebPage","@id":"https:\/\/yihr.rs\/bhs\/obelezavanje-dvadesete-godisnjice-masakra-na-tuzlanskoj-kapiji-u-beogradu-novom-sadu-novom-pazaru-i-nisu\/","url":"https:\/\/yihr.rs\/bhs\/obelezavanje-dvadesete-godisnjice-masakra-na-tuzlanskoj-kapiji-u-beogradu-novom-sadu-novom-pazaru-i-nisu\/","name":"Obele\u017eavanje dvadesete godi\u0161njice masakra na Tuzlanskoj kapiji u Beogradu, Novom Sadu, Novom Pazaru i Ni\u0161u - YIHR.rs","isPartOf":{"@id":"https:\/\/yihr.rs\/bhs\/#website"},"datePublished":"2015-05-20T13:53:10+00:00","dateModified":"2015-06-03T14:29:05+00:00","breadcrumb":{"@id":"https:\/\/yihr.rs\/bhs\/obelezavanje-dvadesete-godisnjice-masakra-na-tuzlanskoj-kapiji-u-beogradu-novom-sadu-novom-pazaru-i-nisu\/#breadcrumb"},"inLanguage":"bhs-BHS","potentialAction":[{"@type":"ReadAction","target":["https:\/\/yihr.rs\/bhs\/obelezavanje-dvadesete-godisnjice-masakra-na-tuzlanskoj-kapiji-u-beogradu-novom-sadu-novom-pazaru-i-nisu\/"]}]},{"@type":"BreadcrumbList","@id":"https:\/\/yihr.rs\/bhs\/obelezavanje-dvadesete-godisnjice-masakra-na-tuzlanskoj-kapiji-u-beogradu-novom-sadu-novom-pazaru-i-nisu\/#breadcrumb","itemListElement":[{"@type":"ListItem","position":1,"name":"Home","item":"https:\/\/yihr.rs\/bhs\/"},{"@type":"ListItem","position":2,"name":"Obele\u017eavanje dvadesete godi\u0161njice masakra na Tuzlanskoj kapiji u Beogradu, Novom Sadu, Novom Pazaru i Ni\u0161u"}]},{"@type":"WebSite","@id":"https:\/\/yihr.rs\/bhs\/#website","url":"https:\/\/yihr.rs\/bhs\/","name":"YIHR.rs","description":"","publisher":{"@id":"https:\/\/yihr.rs\/bhs\/#organization"},"potentialAction":[{"@type":"SearchAction","target":{"@type":"EntryPoint","urlTemplate":"https:\/\/yihr.rs\/bhs\/?s={search_term_string}"},"query-input":"required name=search_term_string"}],"inLanguage":"bhs-BHS"},{"@type":"Organization","@id":"https:\/\/yihr.rs\/bhs\/#organization","name":"Inicijativa mladih za ljudska prava","url":"https:\/\/yihr.rs\/bhs\/","logo":{"@type":"ImageObject","inLanguage":"bhs-BHS","@id":"https:\/\/yihr.rs\/bhs\/#\/schema\/logo\/image\/","url":"https:\/\/yihr.rs\/wp-content\/uploads\/2019\/04\/yihr-logo.png","contentUrl":"https:\/\/yihr.rs\/wp-content\/uploads\/2019\/04\/yihr-logo.png","width":157,"height":54,"caption":"Inicijativa mladih za ljudska prava"},"image":{"@id":"https:\/\/yihr.rs\/bhs\/#\/schema\/logo\/image\/"}},{"@type":"Person","@id":"https:\/\/yihr.rs\/bhs\/#\/schema\/person\/7186157598b114d93f0a98e406fcc811","name":"YIHR","image":{"@type":"ImageObject","inLanguage":"bhs-BHS","@id":"https:\/\/yihr.rs\/bhs\/#\/schema\/person\/image\/","url":"https:\/\/secure.gravatar.com\/avatar\/827fb1ad44b0077db507a1ccb518d991?s=96&d=mm&r=g","contentUrl":"https:\/\/secure.gravatar.com\/avatar\/827fb1ad44b0077db507a1ccb518d991?s=96&d=mm&r=g","caption":"YIHR"},"url":"https:\/\/yihr.rs\/bhs\/author\/yihr\/"}]}},"_links":{"self":[{"href":"https:\/\/yihr.rs\/bhs\/wp-json\/wp\/v2\/posts\/1310"}],"collection":[{"href":"https:\/\/yihr.rs\/bhs\/wp-json\/wp\/v2\/posts"}],"about":[{"href":"https:\/\/yihr.rs\/bhs\/wp-json\/wp\/v2\/types\/post"}],"author":[{"embeddable":true,"href":"https:\/\/yihr.rs\/bhs\/wp-json\/wp\/v2\/users\/2"}],"replies":[{"embeddable":true,"href":"https:\/\/yihr.rs\/bhs\/wp-json\/wp\/v2\/comments?post=1310"}],"version-history":[{"count":6,"href":"https:\/\/yihr.rs\/bhs\/wp-json\/wp\/v2\/posts\/1310\/revisions"}],"predecessor-version":[{"id":1339,"href":"https:\/\/yihr.rs\/bhs\/wp-json\/wp\/v2\/posts\/1310\/revisions\/1339"}],"wp:featuredmedia":[{"embeddable":true,"href":"https:\/\/yihr.rs\/bhs\/wp-json\/wp\/v2\/media\/1338"}],"wp:attachment":[{"href":"https:\/\/yihr.rs\/bhs\/wp-json\/wp\/v2\/media?parent=1310"}],"wp:term":[{"taxonomy":"category","embeddable":true,"href":"https:\/\/yihr.rs\/bhs\/wp-json\/wp\/v2\/categories?post=1310"},{"taxonomy":"post_tag","embeddable":true,"href":"https:\/\/yihr.rs\/bhs\/wp-json\/wp\/v2\/tags?post=1310"}],"curies":[{"name":"wp","href":"https:\/\/api.w.org\/{rel}","templated":true}]}}